{"id":21127,"date":"2019-03-19T17:25:33","date_gmt":"2019-03-19T20:25:33","guid":{"rendered":"http:\/\/conchaytoro.com\/?p=21127"},"modified":"2020-10-06T17:49:07","modified_gmt":"2020-10-06T20:49:07","slug":"marcelo-papa-winemaker-year","status":"publish","type":"post","link":"https:\/\/vinacyt.com\/en\/noticia\/people\/marcelo-papa-winemaker-year\/","title":{"rendered":"Marcelo Papa: Winemaker of the Year"},"content":{"rendered":"<p><strong>Marcelo Papa, winemaker and technical director for Concha y Toro, was named Winemaker of the Year by Tim Atkin MW in his Chile 2019 Special Report.<\/strong><\/p>\n<p>This outstanding recognition announced on March 18<sup>th<\/sup> at the ProWein wine fair in Germany, places Marcelo Papa at the top of the British critic\u2019s podium and crowns him as one of the top winemakers in the world.<\/p>\n<p>Tim Atkin MW visited Chile in late 2018 for the purpose of preparing a new Chile Special Report. During his stay, he toured over 200 vineyards and tasted around 1,300 wines.<\/p>\n<div class=\"entry-image-wrapper\">\n<figure style=\"width: 800px\" class=\"wp-caption alignnone\"><img loading=\"lazy\" decoding=\"async\" src=\"http:\/\/conchaytoro.com\/content\/uploads\/2019\/03\/Isabel-Guilisasti-recibe-premio-Marcelo-Papa-1.jpg\" alt=\"Isabel Guilisasti recibe premio Marcelo Papa\" width=\"800\" height=\"600\" \/><figcaption class=\"wp-caption-text\">Isabel Guilisasti receives the award on behalf of Marcelo Papa. The announcement was made during ProWein, together with Tim Atkin MW.<\/figcaption><\/figure>\n<\/div>\n<p>After more than 20 years of experience as the lead winemaker for renowned brands such as <a href=\"https:\/\/conchaytoro.com\/vinos\/marques-de-casa-concha-cabernet-sauvignon\/\">Marques de Casa Concha<\/a> and <a href=\"https:\/\/conchaytoro.com\/vinos\/casillero-del-diablo-carmenere\/\">Casillero del Diablo<\/a>, at the end of 2017, Marcelo Papa took on the role of Technical Director for the Concha y Toro winemaking area. His successful career has earned him several accolades, and his high-scoring wines are proof of his ability to make wines with great personality and sense of origin.<\/p>\n<p>The award given by Tim Atkin highlights Marcelo Papa\u2019s professional work and reaffirms his dedication and commitment to producing wines that reflect Chile\u2019s diverse terroirs.<\/p>\n<p>&nbsp;<\/p>\n<p>&nbsp;<\/p>\n<p>&nbsp;<\/p>\n","protected":false},"excerpt":{"rendered":"<p>Marcelo Papa, winemaker and technical director for Concha y Toro, was named Winemaker of the Year by Tim Atkin MW in his Chile 2019 Special Report. This outstanding recognition announced on March 18th at the ProWein wine fair in Germany, places Marcelo Papa at the top of the British critic\u2019s podium and crowns him as [&hellip;]<\/p>\n","protected":false},"author":3,"featured_media":39633,"comment_status":"closed","ping_status":"closed","sticky":false,"template":"","format":"standard","meta":{"_acf_changed":false,"_monsterinsights_skip_tracking":false,"_monsterinsights_sitenote_active":false,"_monsterinsights_sitenote_note":"","_monsterinsights_sitenote_category":0,"footnotes":""},"categories":[34],"tags":[],"class_list":["post-21127","post","type-post","status-publish","format-standard","has-post-thumbnail","hentry","category-people"],"acf":[],"yoast_head":"<!-- This site is optimized with the Yoast SEO plugin v27.4 - https:\/\/yoast.com\/product\/yoast-seo-wordpress\/ -->\n<title>Marcelo Papa: Winemaker of the Year - Vi\u00f1a Concha y Toro<\/title>\n<meta name=\"robots\" content=\"index, follow, max-snippet:-1, max-image-preview:large, max-video-preview:-1\" \/>\n<link rel=\"canonical\" href=\"https:\/\/vinacyt.com\/en\/noticia\/people\/marcelo-papa-winemaker-year\/\" \/>\n<meta property=\"og:locale\" content=\"en_US\" \/>\n<meta property=\"og:type\" content=\"article\" \/>\n<meta property=\"og:title\" content=\"Marcelo Papa: Winemaker of the Year - Vi\u00f1a Concha y Toro\" \/>\n<meta property=\"og:description\" content=\"Marcelo Papa, winemaker and technical director for Concha y Toro, was named Winemaker of the Year by Tim Atkin MW in his Chile 2019 Special Report. This outstanding recognition announced on March 18th at the ProWein wine fair in Germany, places Marcelo Papa at the top of the British critic\u2019s podium and crowns him as [&hellip;]\" \/>\n<meta property=\"og:url\" content=\"https:\/\/vinacyt.com\/en\/noticia\/people\/marcelo-papa-winemaker-year\/\" \/>\n<meta property=\"og:site_name\" content=\"Vi\u00f1a Concha y Toro\" \/>\n<meta property=\"article:published_time\" content=\"2019-03-19T20:25:33+00:00\" \/>\n<meta property=\"article:modified_time\" content=\"2020-10-06T20:49:07+00:00\" \/>\n<meta property=\"og:image\" content=\"https:\/\/vinacyt.com\/content\/uploads\/2019\/03\/MP_2019.jpg\" \/>\n\t<meta property=\"og:image:width\" content=\"414\" \/>\n\t<meta property=\"og:image:height\" content=\"313\" \/>\n\t<meta property=\"og:image:type\" content=\"image\/jpeg\" \/>\n<meta name=\"author\" content=\"Vi\u00f1a Concha y Toro\" \/>\n<meta name=\"twitter:card\" content=\"summary_large_image\" \/>\n<meta name=\"twitter:label1\" content=\"Written by\" \/>\n\t<meta name=\"twitter:data1\" content=\"Vi\u00f1a Concha y Toro\" \/>\n\t<meta name=\"twitter:label2\" content=\"Est. reading time\" \/>\n\t<meta name=\"twitter:data2\" content=\"1 minute\" \/>\n<script type=\"application\/ld+json\" class=\"yoast-schema-graph\">{\"@context\":\"https:\\\/\\\/schema.org\",\"@graph\":[{\"@type\":\"Article\",\"@id\":\"https:\\\/\\\/vinacyt.com\\\/en\\\/noticia\\\/people\\\/marcelo-papa-winemaker-year\\\/#article\",\"isPartOf\":{\"@id\":\"https:\\\/\\\/vinacyt.com\\\/en\\\/noticia\\\/people\\\/marcelo-papa-winemaker-year\\\/\"},\"author\":{\"name\":\"Vi\u00f1a Concha y Toro\",\"@id\":\"https:\\\/\\\/vinacyt.com\\\/en\\\/#\\\/schema\\\/person\\\/06b9c8eed334179af142451ebcd6eceb\"},\"headline\":\"Marcelo Papa: Winemaker of the Year\",\"datePublished\":\"2019-03-19T20:25:33+00:00\",\"dateModified\":\"2020-10-06T20:49:07+00:00\",\"mainEntityOfPage\":{\"@id\":\"https:\\\/\\\/vinacyt.com\\\/en\\\/noticia\\\/people\\\/marcelo-papa-winemaker-year\\\/\"},\"wordCount\":224,\"image\":{\"@id\":\"https:\\\/\\\/vinacyt.com\\\/en\\\/noticia\\\/people\\\/marcelo-papa-winemaker-year\\\/#primaryimage\"},\"thumbnailUrl\":\"https:\\\/\\\/vinacyt.com\\\/content\\\/uploads\\\/2019\\\/03\\\/MP_2019.jpg\",\"articleSection\":[\"People\"],\"inLanguage\":\"en-US\"},{\"@type\":\"WebPage\",\"@id\":\"https:\\\/\\\/vinacyt.com\\\/en\\\/noticia\\\/people\\\/marcelo-papa-winemaker-year\\\/\",\"url\":\"https:\\\/\\\/vinacyt.com\\\/en\\\/noticia\\\/people\\\/marcelo-papa-winemaker-year\\\/\",\"name\":\"Marcelo Papa: Winemaker of the Year - Vi\u00f1a Concha y Toro\",\"isPartOf\":{\"@id\":\"https:\\\/\\\/vinacyt.com\\\/en\\\/#website\"},\"primaryImageOfPage\":{\"@id\":\"https:\\\/\\\/vinacyt.com\\\/en\\\/noticia\\\/people\\\/marcelo-papa-winemaker-year\\\/#primaryimage\"},\"image\":{\"@id\":\"https:\\\/\\\/vinacyt.com\\\/en\\\/noticia\\\/people\\\/marcelo-papa-winemaker-year\\\/#primaryimage\"},\"thumbnailUrl\":\"https:\\\/\\\/vinacyt.com\\\/content\\\/uploads\\\/2019\\\/03\\\/MP_2019.jpg\",\"datePublished\":\"2019-03-19T20:25:33+00:00\",\"dateModified\":\"2020-10-06T20:49:07+00:00\",\"author\":{\"@id\":\"https:\\\/\\\/vinacyt.com\\\/en\\\/#\\\/schema\\\/person\\\/06b9c8eed334179af142451ebcd6eceb\"},\"breadcrumb\":{\"@id\":\"https:\\\/\\\/vinacyt.com\\\/en\\\/noticia\\\/people\\\/marcelo-papa-winemaker-year\\\/#breadcrumb\"},\"inLanguage\":\"en-US\",\"potentialAction\":[{\"@type\":\"ReadAction\",\"target\":[\"https:\\\/\\\/vinacyt.com\\\/en\\\/noticia\\\/people\\\/marcelo-papa-winemaker-year\\\/\"]}]},{\"@type\":\"ImageObject\",\"inLanguage\":\"en-US\",\"@id\":\"https:\\\/\\\/vinacyt.com\\\/en\\\/noticia\\\/people\\\/marcelo-papa-winemaker-year\\\/#primaryimage\",\"url\":\"https:\\\/\\\/vinacyt.com\\\/content\\\/uploads\\\/2019\\\/03\\\/MP_2019.jpg\",\"contentUrl\":\"https:\\\/\\\/vinacyt.com\\\/content\\\/uploads\\\/2019\\\/03\\\/MP_2019.jpg\",\"width\":414,\"height\":313},{\"@type\":\"BreadcrumbList\",\"@id\":\"https:\\\/\\\/vinacyt.com\\\/en\\\/noticia\\\/people\\\/marcelo-papa-winemaker-year\\\/#breadcrumb\",\"itemListElement\":[{\"@type\":\"ListItem\",\"position\":1,\"name\":\"Home\",\"item\":\"https:\\\/\\\/vinacyt.com\\\/en\\\/\"},{\"@type\":\"ListItem\",\"position\":2,\"name\":\"Marcelo Papa: Winemaker of the Year\"}]},{\"@type\":\"WebSite\",\"@id\":\"https:\\\/\\\/vinacyt.com\\\/en\\\/#website\",\"url\":\"https:\\\/\\\/vinacyt.com\\\/en\\\/\",\"name\":\"Vi\u00f1a Concha y Toro\",\"description\":\"Vi\u00f1a Concha y Toro se ha convertido en el principal productor de vinos de Latinoam\u00e9rica con una destacada posici\u00f3n entre las compa\u00f1\u00edas de vino m\u00e1s importantes del mundo y con presencia en m\u00e1s de 130 pa\u00edses\",\"potentialAction\":[{\"@type\":\"SearchAction\",\"target\":{\"@type\":\"EntryPoint\",\"urlTemplate\":\"https:\\\/\\\/vinacyt.com\\\/en\\\/?s={search_term_string}\"},\"query-input\":{\"@type\":\"PropertyValueSpecification\",\"valueRequired\":true,\"valueName\":\"search_term_string\"}}],\"inLanguage\":\"en-US\"},{\"@type\":\"Person\",\"@id\":\"https:\\\/\\\/vinacyt.com\\\/en\\\/#\\\/schema\\\/person\\\/06b9c8eed334179af142451ebcd6eceb\",\"name\":\"Vi\u00f1a Concha y Toro\",\"image\":{\"@type\":\"ImageObject\",\"inLanguage\":\"en-US\",\"@id\":\"https:\\\/\\\/secure.gravatar.com\\\/avatar\\\/40d103b9a6d00cd093d12c6162c9eb850a429bf2416787e7f1b965e29e0454b1?s=96&d=mm&r=g\",\"url\":\"https:\\\/\\\/secure.gravatar.com\\\/avatar\\\/40d103b9a6d00cd093d12c6162c9eb850a429bf2416787e7f1b965e29e0454b1?s=96&d=mm&r=g\",\"contentUrl\":\"https:\\\/\\\/secure.gravatar.com\\\/avatar\\\/40d103b9a6d00cd093d12c6162c9eb850a429bf2416787e7f1b965e29e0454b1?s=96&d=mm&r=g\",\"caption\":\"Vi\u00f1a Concha y Toro\"},\"url\":\"https:\\\/\\\/vinacyt.com\\\/en\\\/noticia\\\/author\\\/vinaconchaytoroconchaytoro-cl\\\/\"}]}<\/script>\n<!-- \/ Yoast SEO plugin. -->","yoast_head_json":{"title":"Marcelo Papa: Winemaker of the Year - Vi\u00f1a Concha y Toro","robots":{"index":"index","follow":"follow","max-snippet":"max-snippet:-1","max-image-preview":"max-image-preview:large","max-video-preview":"max-video-preview:-1"},"canonical":"https:\/\/vinacyt.com\/en\/noticia\/people\/marcelo-papa-winemaker-year\/","og_locale":"en_US","og_type":"article","og_title":"Marcelo Papa: Winemaker of the Year - Vi\u00f1a Concha y Toro","og_description":"Marcelo Papa, winemaker and technical director for Concha y Toro, was named Winemaker of the Year by Tim Atkin MW in his Chile 2019 Special Report. This outstanding recognition announced on March 18th at the ProWein wine fair in Germany, places Marcelo Papa at the top of the British critic\u2019s podium and crowns him as [&hellip;]","og_url":"https:\/\/vinacyt.com\/en\/noticia\/people\/marcelo-papa-winemaker-year\/","og_site_name":"Vi\u00f1a Concha y Toro","article_published_time":"2019-03-19T20:25:33+00:00","article_modified_time":"2020-10-06T20:49:07+00:00","og_image":[{"width":414,"height":313,"url":"https:\/\/vinacyt.com\/content\/uploads\/2019\/03\/MP_2019.jpg","type":"image\/jpeg"}],"author":"Vi\u00f1a Concha y Toro","twitter_card":"summary_large_image","twitter_misc":{"Written by":"Vi\u00f1a Concha y Toro","Est. reading time":"1 minute"},"schema":{"@context":"https:\/\/schema.org","@graph":[{"@type":"Article","@id":"https:\/\/vinacyt.com\/en\/noticia\/people\/marcelo-papa-winemaker-year\/#article","isPartOf":{"@id":"https:\/\/vinacyt.com\/en\/noticia\/people\/marcelo-papa-winemaker-year\/"},"author":{"name":"Vi\u00f1a Concha y Toro","@id":"https:\/\/vinacyt.com\/en\/#\/schema\/person\/06b9c8eed334179af142451ebcd6eceb"},"headline":"Marcelo Papa: Winemaker of the Year","datePublished":"2019-03-19T20:25:33+00:00","dateModified":"2020-10-06T20:49:07+00:00","mainEntityOfPage":{"@id":"https:\/\/vinacyt.com\/en\/noticia\/people\/marcelo-papa-winemaker-year\/"},"wordCount":224,"image":{"@id":"https:\/\/vinacyt.com\/en\/noticia\/people\/marcelo-papa-winemaker-year\/#primaryimage"},"thumbnailUrl":"https:\/\/vinacyt.com\/content\/uploads\/2019\/03\/MP_2019.jpg","articleSection":["People"],"inLanguage":"en-US"},{"@type":"WebPage","@id":"https:\/\/vinacyt.com\/en\/noticia\/people\/marcelo-papa-winemaker-year\/","url":"https:\/\/vinacyt.com\/en\/noticia\/people\/marcelo-papa-winemaker-year\/","name":"Marcelo Papa: Winemaker of the Year - Vi\u00f1a Concha y Toro","isPartOf":{"@id":"https:\/\/vinacyt.com\/en\/#website"},"primaryImageOfPage":{"@id":"https:\/\/vinacyt.com\/en\/noticia\/people\/marcelo-papa-winemaker-year\/#primaryimage"},"image":{"@id":"https:\/\/vinacyt.com\/en\/noticia\/people\/marcelo-papa-winemaker-year\/#primaryimage"},"thumbnailUrl":"https:\/\/vinacyt.com\/content\/uploads\/2019\/03\/MP_2019.jpg","datePublished":"2019-03-19T20:25:33+00:00","dateModified":"2020-10-06T20:49:07+00:00","author":{"@id":"https:\/\/vinacyt.com\/en\/#\/schema\/person\/06b9c8eed334179af142451ebcd6eceb"},"breadcrumb":{"@id":"https:\/\/vinacyt.com\/en\/noticia\/people\/marcelo-papa-winemaker-year\/#breadcrumb"},"inLanguage":"en-US","potentialAction":[{"@type":"ReadAction","target":["https:\/\/vinacyt.com\/en\/noticia\/people\/marcelo-papa-winemaker-year\/"]}]},{"@type":"ImageObject","inLanguage":"en-US","@id":"https:\/\/vinacyt.com\/en\/noticia\/people\/marcelo-papa-winemaker-year\/#primaryimage","url":"https:\/\/vinacyt.com\/content\/uploads\/2019\/03\/MP_2019.jpg","contentUrl":"https:\/\/vinacyt.com\/content\/uploads\/2019\/03\/MP_2019.jpg","width":414,"height":313},{"@type":"BreadcrumbList","@id":"https:\/\/vinacyt.com\/en\/noticia\/people\/marcelo-papa-winemaker-year\/#breadcrumb","itemListElement":[{"@type":"ListItem","position":1,"name":"Home","item":"https:\/\/vinacyt.com\/en\/"},{"@type":"ListItem","position":2,"name":"Marcelo Papa: Winemaker of the Year"}]},{"@type":"WebSite","@id":"https:\/\/vinacyt.com\/en\/#website","url":"https:\/\/vinacyt.com\/en\/","name":"Vi\u00f1a Concha y Toro","description":"Vi\u00f1a Concha y Toro se ha convertido en el principal productor de vinos de Latinoam\u00e9rica con una destacada posici\u00f3n entre las compa\u00f1\u00edas de vino m\u00e1s importantes del mundo y con presencia en m\u00e1s de 130 pa\u00edses","potentialAction":[{"@type":"SearchAction","target":{"@type":"EntryPoint","urlTemplate":"https:\/\/vinacyt.com\/en\/?s={search_term_string}"},"query-input":{"@type":"PropertyValueSpecification","valueRequired":true,"valueName":"search_term_string"}}],"inLanguage":"en-US"},{"@type":"Person","@id":"https:\/\/vinacyt.com\/en\/#\/schema\/person\/06b9c8eed334179af142451ebcd6eceb","name":"Vi\u00f1a Concha y Toro","image":{"@type":"ImageObject","inLanguage":"en-US","@id":"https:\/\/secure.gravatar.com\/avatar\/40d103b9a6d00cd093d12c6162c9eb850a429bf2416787e7f1b965e29e0454b1?s=96&d=mm&r=g","url":"https:\/\/secure.gravatar.com\/avatar\/40d103b9a6d00cd093d12c6162c9eb850a429bf2416787e7f1b965e29e0454b1?s=96&d=mm&r=g","contentUrl":"https:\/\/secure.gravatar.com\/avatar\/40d103b9a6d00cd093d12c6162c9eb850a429bf2416787e7f1b965e29e0454b1?s=96&d=mm&r=g","caption":"Vi\u00f1a Concha y Toro"},"url":"https:\/\/vinacyt.com\/en\/noticia\/author\/vinaconchaytoroconchaytoro-cl\/"}]}},"_links":{"self":[{"href":"https:\/\/vinacyt.com\/en\/wp-json\/wp\/v2\/posts\/21127","targetHints":{"allow":["GET"]}}],"collection":[{"href":"https:\/\/vinacyt.com\/en\/wp-json\/wp\/v2\/posts"}],"about":[{"href":"https:\/\/vinacyt.com\/en\/wp-json\/wp\/v2\/types\/post"}],"author":[{"embeddable":true,"href":"https:\/\/vinacyt.com\/en\/wp-json\/wp\/v2\/users\/3"}],"replies":[{"embeddable":true,"href":"https:\/\/vinacyt.com\/en\/wp-json\/wp\/v2\/comments?post=21127"}],"version-history":[{"count":0,"href":"https:\/\/vinacyt.com\/en\/wp-json\/wp\/v2\/posts\/21127\/revisions"}],"wp:featuredmedia":[{"embeddable":true,"href":"https:\/\/vinacyt.com\/en\/wp-json\/wp\/v2\/media\/39633"}],"wp:attachment":[{"href":"https:\/\/vinacyt.com\/en\/wp-json\/wp\/v2\/media?parent=21127"}],"wp:term":[{"taxonomy":"category","embeddable":true,"href":"https:\/\/vinacyt.com\/en\/wp-json\/wp\/v2\/categories?post=21127"},{"taxonomy":"post_tag","embeddable":true,"href":"https:\/\/vinacyt.com\/en\/wp-json\/wp\/v2\/tags?post=21127"}],"curies":[{"name":"wp","href":"https:\/\/api.w.org\/{rel}","templated":true}]}}