{"id":26189,"date":"2019-08-22T13:25:34","date_gmt":"2019-08-22T17:25:34","guid":{"rendered":"http:\/\/conchaytoro.com\/?p=26189"},"modified":"2020-10-06T22:49:31","modified_gmt":"2020-10-07T01:49:31","slug":"vina-concha-y-toro-receives-renewable-energy-balance-certificate","status":"publish","type":"post","link":"https:\/\/vinacyt.com\/en\/noticia\/sustainability\/vina-concha-y-toro-receives-renewable-energy-balance-certificate\/","title":{"rendered":"Vi\u00f1a Concha y Toro receives Renewable Energy Balance Certificate"},"content":{"rendered":"<p>Colb\u00fan has awarded Vi\u00f1a Concha y Toro the Renewable Energy Balance Certificate for the company\u2019s electricity consumption of 30,400 MWh in 2018. The certificate was awarded in the context of the power purchase agreement entered into between Colb\u00fan and Vi\u00f1a Concha y Toro in March 2017 for the supply of electric power for its installations and production operations.<\/p>\n<p>The data gathered was verified by KPMG Auditores Consultores Ltda., which certified that the 30,400 MWh of electricity supplied to Vi\u00f1a Concha y Toro by Colb\u00fan in 2018 was generated by renewable energy sources.<\/p>\n<p>&#8220;This recognition attests to the efforts that have been made by the winery together with other actors to increase its use of renewable energy and decarbonize its energy matrix\u201d, said Vi\u00f1a Concha y Toro\u2019s Sustainability Manager Valentina Lira.<\/p>\n<p>Colb\u00fan\u2019s CEO, Thomas Keller, highlighted the importance of companies entering into this type of agreement to increase their use of cleaner energy sources. \u201cAt Colb\u00fan, we have a roadmap for renewable energy development, and we have already implemented solar and wind projects. These projects, together with our hydroelectric assets, give us the advantage of being able to offer renewable energy in a secure and continuous manner\u201d, he said.\u00a0 Vi\u00f1a Concha y Toro, founded in 1883, is a global wine industry leader with a presence in more than 130 countries. The company has approximately 11,624 hectares of vineyards in Chile, Argentina and the United States.<\/p>\n<p>Colb\u00fan S.A. is a company dedicated to the generation and commercialization of energy which has an installed capacity of 3,907 MW, with a presence in Chile and Peru, and a diversified portfolio of renewable energy projects.<\/p>\n","protected":false},"excerpt":{"rendered":"<p>Colb\u00fan has awarded Vi\u00f1a Concha y Toro the Renewable Energy Balance Certificate for the company\u2019s electricity consumption of 30,400 MWh in 2018. The certificate was awarded in the context of the power purchase agreement entered into between Colb\u00fan and Vi\u00f1a Concha y Toro in March 2017 for the supply of electric power for its installations [&hellip;]<\/p>\n","protected":false},"author":3,"featured_media":25300,"comment_status":"closed","ping_status":"closed","sticky":false,"template":"","format":"standard","meta":{"_acf_changed":false,"_monsterinsights_skip_tracking":false,"_monsterinsights_sitenote_active":false,"_monsterinsights_sitenote_note":"","_monsterinsights_sitenote_category":0,"footnotes":""},"categories":[42],"tags":[],"class_list":["post-26189","post","type-post","status-publish","format-standard","has-post-thumbnail","hentry","category-sustainability"],"acf":[],"yoast_head":"<!-- This site is optimized with the Yoast SEO plugin v27.4 - https:\/\/yoast.com\/product\/yoast-seo-wordpress\/ -->\n<title>Vi\u00f1a Concha y Toro receives Renewable Energy Balance Certificate - Vi\u00f1a Concha y Toro<\/title>\n<meta name=\"robots\" content=\"index, follow, max-snippet:-1, max-image-preview:large, max-video-preview:-1\" \/>\n<link rel=\"canonical\" href=\"https:\/\/vinacyt.com\/en\/noticia\/sustainability\/vina-concha-y-toro-receives-renewable-energy-balance-certificate\/\" \/>\n<meta property=\"og:locale\" content=\"en_US\" \/>\n<meta property=\"og:type\" content=\"article\" \/>\n<meta property=\"og:title\" content=\"Vi\u00f1a Concha y Toro receives Renewable Energy Balance Certificate - Vi\u00f1a Concha y Toro\" \/>\n<meta property=\"og:description\" content=\"Colb\u00fan has awarded Vi\u00f1a Concha y Toro the Renewable Energy Balance Certificate for the company\u2019s electricity consumption of 30,400 MWh in 2018. The certificate was awarded in the context of the power purchase agreement entered into between Colb\u00fan and Vi\u00f1a Concha y Toro in March 2017 for the supply of electric power for its installations [&hellip;]\" \/>\n<meta property=\"og:url\" content=\"https:\/\/vinacyt.com\/en\/noticia\/sustainability\/vina-concha-y-toro-receives-renewable-energy-balance-certificate\/\" \/>\n<meta property=\"og:site_name\" content=\"Vi\u00f1a Concha y Toro\" \/>\n<meta property=\"article:published_time\" content=\"2019-08-22T17:25:34+00:00\" \/>\n<meta property=\"article:modified_time\" content=\"2020-10-07T01:49:31+00:00\" \/>\n<meta property=\"og:image\" content=\"https:\/\/vinacyt.com\/content\/uploads\/2019\/08\/2cfa52c544d3dd8fd59dc6888c4f77fb_original-scaled.jpeg\" \/>\n\t<meta property=\"og:image:width\" content=\"2560\" \/>\n\t<meta property=\"og:image:height\" content=\"1703\" \/>\n\t<meta property=\"og:image:type\" content=\"image\/jpeg\" \/>\n<meta name=\"author\" content=\"Vi\u00f1a Concha y Toro\" \/>\n<meta name=\"twitter:card\" content=\"summary_large_image\" \/>\n<meta name=\"twitter:label1\" content=\"Written by\" \/>\n\t<meta name=\"twitter:data1\" content=\"Vi\u00f1a Concha y Toro\" \/>\n\t<meta name=\"twitter:label2\" content=\"Est. reading time\" \/>\n\t<meta name=\"twitter:data2\" content=\"1 minute\" \/>\n<script type=\"application\/ld+json\" class=\"yoast-schema-graph\">{\"@context\":\"https:\\\/\\\/schema.org\",\"@graph\":[{\"@type\":\"Article\",\"@id\":\"https:\\\/\\\/vinacyt.com\\\/en\\\/noticia\\\/sustainability\\\/vina-concha-y-toro-receives-renewable-energy-balance-certificate\\\/#article\",\"isPartOf\":{\"@id\":\"https:\\\/\\\/vinacyt.com\\\/en\\\/noticia\\\/sustainability\\\/vina-concha-y-toro-receives-renewable-energy-balance-certificate\\\/\"},\"author\":{\"name\":\"Vi\u00f1a Concha y Toro\",\"@id\":\"https:\\\/\\\/vinacyt.com\\\/en\\\/#\\\/schema\\\/person\\\/06b9c8eed334179af142451ebcd6eceb\"},\"headline\":\"Vi\u00f1a Concha y Toro receives Renewable Energy Balance Certificate\",\"datePublished\":\"2019-08-22T17:25:34+00:00\",\"dateModified\":\"2020-10-07T01:49:31+00:00\",\"mainEntityOfPage\":{\"@id\":\"https:\\\/\\\/vinacyt.com\\\/en\\\/noticia\\\/sustainability\\\/vina-concha-y-toro-receives-renewable-energy-balance-certificate\\\/\"},\"wordCount\":286,\"image\":{\"@id\":\"https:\\\/\\\/vinacyt.com\\\/en\\\/noticia\\\/sustainability\\\/vina-concha-y-toro-receives-renewable-energy-balance-certificate\\\/#primaryimage\"},\"thumbnailUrl\":\"https:\\\/\\\/vinacyt.com\\\/content\\\/uploads\\\/2019\\\/08\\\/2cfa52c544d3dd8fd59dc6888c4f77fb_original-scaled.jpeg\",\"articleSection\":[\"Sustainability\"],\"inLanguage\":\"en-US\"},{\"@type\":\"WebPage\",\"@id\":\"https:\\\/\\\/vinacyt.com\\\/en\\\/noticia\\\/sustainability\\\/vina-concha-y-toro-receives-renewable-energy-balance-certificate\\\/\",\"url\":\"https:\\\/\\\/vinacyt.com\\\/en\\\/noticia\\\/sustainability\\\/vina-concha-y-toro-receives-renewable-energy-balance-certificate\\\/\",\"name\":\"Vi\u00f1a Concha y Toro receives Renewable Energy Balance Certificate - Vi\u00f1a Concha y Toro\",\"isPartOf\":{\"@id\":\"https:\\\/\\\/vinacyt.com\\\/en\\\/#website\"},\"primaryImageOfPage\":{\"@id\":\"https:\\\/\\\/vinacyt.com\\\/en\\\/noticia\\\/sustainability\\\/vina-concha-y-toro-receives-renewable-energy-balance-certificate\\\/#primaryimage\"},\"image\":{\"@id\":\"https:\\\/\\\/vinacyt.com\\\/en\\\/noticia\\\/sustainability\\\/vina-concha-y-toro-receives-renewable-energy-balance-certificate\\\/#primaryimage\"},\"thumbnailUrl\":\"https:\\\/\\\/vinacyt.com\\\/content\\\/uploads\\\/2019\\\/08\\\/2cfa52c544d3dd8fd59dc6888c4f77fb_original-scaled.jpeg\",\"datePublished\":\"2019-08-22T17:25:34+00:00\",\"dateModified\":\"2020-10-07T01:49:31+00:00\",\"author\":{\"@id\":\"https:\\\/\\\/vinacyt.com\\\/en\\\/#\\\/schema\\\/person\\\/06b9c8eed334179af142451ebcd6eceb\"},\"breadcrumb\":{\"@id\":\"https:\\\/\\\/vinacyt.com\\\/en\\\/noticia\\\/sustainability\\\/vina-concha-y-toro-receives-renewable-energy-balance-certificate\\\/#breadcrumb\"},\"inLanguage\":\"en-US\",\"potentialAction\":[{\"@type\":\"ReadAction\",\"target\":[\"https:\\\/\\\/vinacyt.com\\\/en\\\/noticia\\\/sustainability\\\/vina-concha-y-toro-receives-renewable-energy-balance-certificate\\\/\"]}]},{\"@type\":\"ImageObject\",\"inLanguage\":\"en-US\",\"@id\":\"https:\\\/\\\/vinacyt.com\\\/en\\\/noticia\\\/sustainability\\\/vina-concha-y-toro-receives-renewable-energy-balance-certificate\\\/#primaryimage\",\"url\":\"https:\\\/\\\/vinacyt.com\\\/content\\\/uploads\\\/2019\\\/08\\\/2cfa52c544d3dd8fd59dc6888c4f77fb_original-scaled.jpeg\",\"contentUrl\":\"https:\\\/\\\/vinacyt.com\\\/content\\\/uploads\\\/2019\\\/08\\\/2cfa52c544d3dd8fd59dc6888c4f77fb_original-scaled.jpeg\",\"width\":2560,\"height\":1703},{\"@type\":\"BreadcrumbList\",\"@id\":\"https:\\\/\\\/vinacyt.com\\\/en\\\/noticia\\\/sustainability\\\/vina-concha-y-toro-receives-renewable-energy-balance-certificate\\\/#breadcrumb\",\"itemListElement\":[{\"@type\":\"ListItem\",\"position\":1,\"name\":\"Home\",\"item\":\"https:\\\/\\\/vinacyt.com\\\/en\\\/\"},{\"@type\":\"ListItem\",\"position\":2,\"name\":\"Vi\u00f1a Concha y Toro receives Renewable Energy Balance Certificate\"}]},{\"@type\":\"WebSite\",\"@id\":\"https:\\\/\\\/vinacyt.com\\\/en\\\/#website\",\"url\":\"https:\\\/\\\/vinacyt.com\\\/en\\\/\",\"name\":\"Vi\u00f1a Concha y Toro\",\"description\":\"Vi\u00f1a Concha y Toro se ha convertido en el principal productor de vinos de Latinoam\u00e9rica con una destacada posici\u00f3n entre las compa\u00f1\u00edas de vino m\u00e1s importantes del mundo y con presencia en m\u00e1s de 130 pa\u00edses\",\"potentialAction\":[{\"@type\":\"SearchAction\",\"target\":{\"@type\":\"EntryPoint\",\"urlTemplate\":\"https:\\\/\\\/vinacyt.com\\\/en\\\/?s={search_term_string}\"},\"query-input\":{\"@type\":\"PropertyValueSpecification\",\"valueRequired\":true,\"valueName\":\"search_term_string\"}}],\"inLanguage\":\"en-US\"},{\"@type\":\"Person\",\"@id\":\"https:\\\/\\\/vinacyt.com\\\/en\\\/#\\\/schema\\\/person\\\/06b9c8eed334179af142451ebcd6eceb\",\"name\":\"Vi\u00f1a Concha y Toro\",\"image\":{\"@type\":\"ImageObject\",\"inLanguage\":\"en-US\",\"@id\":\"https:\\\/\\\/secure.gravatar.com\\\/avatar\\\/40d103b9a6d00cd093d12c6162c9eb850a429bf2416787e7f1b965e29e0454b1?s=96&d=mm&r=g\",\"url\":\"https:\\\/\\\/secure.gravatar.com\\\/avatar\\\/40d103b9a6d00cd093d12c6162c9eb850a429bf2416787e7f1b965e29e0454b1?s=96&d=mm&r=g\",\"contentUrl\":\"https:\\\/\\\/secure.gravatar.com\\\/avatar\\\/40d103b9a6d00cd093d12c6162c9eb850a429bf2416787e7f1b965e29e0454b1?s=96&d=mm&r=g\",\"caption\":\"Vi\u00f1a Concha y Toro\"},\"url\":\"https:\\\/\\\/vinacyt.com\\\/en\\\/noticia\\\/author\\\/vinaconchaytoroconchaytoro-cl\\\/\"}]}<\/script>\n<!-- \/ Yoast SEO plugin. -->","yoast_head_json":{"title":"Vi\u00f1a Concha y Toro receives Renewable Energy Balance Certificate - Vi\u00f1a Concha y Toro","robots":{"index":"index","follow":"follow","max-snippet":"max-snippet:-1","max-image-preview":"max-image-preview:large","max-video-preview":"max-video-preview:-1"},"canonical":"https:\/\/vinacyt.com\/en\/noticia\/sustainability\/vina-concha-y-toro-receives-renewable-energy-balance-certificate\/","og_locale":"en_US","og_type":"article","og_title":"Vi\u00f1a Concha y Toro receives Renewable Energy Balance Certificate - Vi\u00f1a Concha y Toro","og_description":"Colb\u00fan has awarded Vi\u00f1a Concha y Toro the Renewable Energy Balance Certificate for the company\u2019s electricity consumption of 30,400 MWh in 2018. The certificate was awarded in the context of the power purchase agreement entered into between Colb\u00fan and Vi\u00f1a Concha y Toro in March 2017 for the supply of electric power for its installations [&hellip;]","og_url":"https:\/\/vinacyt.com\/en\/noticia\/sustainability\/vina-concha-y-toro-receives-renewable-energy-balance-certificate\/","og_site_name":"Vi\u00f1a Concha y Toro","article_published_time":"2019-08-22T17:25:34+00:00","article_modified_time":"2020-10-07T01:49:31+00:00","og_image":[{"width":2560,"height":1703,"url":"https:\/\/vinacyt.com\/content\/uploads\/2019\/08\/2cfa52c544d3dd8fd59dc6888c4f77fb_original-scaled.jpeg","type":"image\/jpeg"}],"author":"Vi\u00f1a Concha y Toro","twitter_card":"summary_large_image","twitter_misc":{"Written by":"Vi\u00f1a Concha y Toro","Est. reading time":"1 minute"},"schema":{"@context":"https:\/\/schema.org","@graph":[{"@type":"Article","@id":"https:\/\/vinacyt.com\/en\/noticia\/sustainability\/vina-concha-y-toro-receives-renewable-energy-balance-certificate\/#article","isPartOf":{"@id":"https:\/\/vinacyt.com\/en\/noticia\/sustainability\/vina-concha-y-toro-receives-renewable-energy-balance-certificate\/"},"author":{"name":"Vi\u00f1a Concha y Toro","@id":"https:\/\/vinacyt.com\/en\/#\/schema\/person\/06b9c8eed334179af142451ebcd6eceb"},"headline":"Vi\u00f1a Concha y Toro receives Renewable Energy Balance Certificate","datePublished":"2019-08-22T17:25:34+00:00","dateModified":"2020-10-07T01:49:31+00:00","mainEntityOfPage":{"@id":"https:\/\/vinacyt.com\/en\/noticia\/sustainability\/vina-concha-y-toro-receives-renewable-energy-balance-certificate\/"},"wordCount":286,"image":{"@id":"https:\/\/vinacyt.com\/en\/noticia\/sustainability\/vina-concha-y-toro-receives-renewable-energy-balance-certificate\/#primaryimage"},"thumbnailUrl":"https:\/\/vinacyt.com\/content\/uploads\/2019\/08\/2cfa52c544d3dd8fd59dc6888c4f77fb_original-scaled.jpeg","articleSection":["Sustainability"],"inLanguage":"en-US"},{"@type":"WebPage","@id":"https:\/\/vinacyt.com\/en\/noticia\/sustainability\/vina-concha-y-toro-receives-renewable-energy-balance-certificate\/","url":"https:\/\/vinacyt.com\/en\/noticia\/sustainability\/vina-concha-y-toro-receives-renewable-energy-balance-certificate\/","name":"Vi\u00f1a Concha y Toro receives Renewable Energy Balance Certificate - Vi\u00f1a Concha y Toro","isPartOf":{"@id":"https:\/\/vinacyt.com\/en\/#website"},"primaryImageOfPage":{"@id":"https:\/\/vinacyt.com\/en\/noticia\/sustainability\/vina-concha-y-toro-receives-renewable-energy-balance-certificate\/#primaryimage"},"image":{"@id":"https:\/\/vinacyt.com\/en\/noticia\/sustainability\/vina-concha-y-toro-receives-renewable-energy-balance-certificate\/#primaryimage"},"thumbnailUrl":"https:\/\/vinacyt.com\/content\/uploads\/2019\/08\/2cfa52c544d3dd8fd59dc6888c4f77fb_original-scaled.jpeg","datePublished":"2019-08-22T17:25:34+00:00","dateModified":"2020-10-07T01:49:31+00:00","author":{"@id":"https:\/\/vinacyt.com\/en\/#\/schema\/person\/06b9c8eed334179af142451ebcd6eceb"},"breadcrumb":{"@id":"https:\/\/vinacyt.com\/en\/noticia\/sustainability\/vina-concha-y-toro-receives-renewable-energy-balance-certificate\/#breadcrumb"},"inLanguage":"en-US","potentialAction":[{"@type":"ReadAction","target":["https:\/\/vinacyt.com\/en\/noticia\/sustainability\/vina-concha-y-toro-receives-renewable-energy-balance-certificate\/"]}]},{"@type":"ImageObject","inLanguage":"en-US","@id":"https:\/\/vinacyt.com\/en\/noticia\/sustainability\/vina-concha-y-toro-receives-renewable-energy-balance-certificate\/#primaryimage","url":"https:\/\/vinacyt.com\/content\/uploads\/2019\/08\/2cfa52c544d3dd8fd59dc6888c4f77fb_original-scaled.jpeg","contentUrl":"https:\/\/vinacyt.com\/content\/uploads\/2019\/08\/2cfa52c544d3dd8fd59dc6888c4f77fb_original-scaled.jpeg","width":2560,"height":1703},{"@type":"BreadcrumbList","@id":"https:\/\/vinacyt.com\/en\/noticia\/sustainability\/vina-concha-y-toro-receives-renewable-energy-balance-certificate\/#breadcrumb","itemListElement":[{"@type":"ListItem","position":1,"name":"Home","item":"https:\/\/vinacyt.com\/en\/"},{"@type":"ListItem","position":2,"name":"Vi\u00f1a Concha y Toro receives Renewable Energy Balance Certificate"}]},{"@type":"WebSite","@id":"https:\/\/vinacyt.com\/en\/#website","url":"https:\/\/vinacyt.com\/en\/","name":"Vi\u00f1a Concha y Toro","description":"Vi\u00f1a Concha y Toro se ha convertido en el principal productor de vinos de Latinoam\u00e9rica con una destacada posici\u00f3n entre las compa\u00f1\u00edas de vino m\u00e1s importantes del mundo y con presencia en m\u00e1s de 130 pa\u00edses","potentialAction":[{"@type":"SearchAction","target":{"@type":"EntryPoint","urlTemplate":"https:\/\/vinacyt.com\/en\/?s={search_term_string}"},"query-input":{"@type":"PropertyValueSpecification","valueRequired":true,"valueName":"search_term_string"}}],"inLanguage":"en-US"},{"@type":"Person","@id":"https:\/\/vinacyt.com\/en\/#\/schema\/person\/06b9c8eed334179af142451ebcd6eceb","name":"Vi\u00f1a Concha y Toro","image":{"@type":"ImageObject","inLanguage":"en-US","@id":"https:\/\/secure.gravatar.com\/avatar\/40d103b9a6d00cd093d12c6162c9eb850a429bf2416787e7f1b965e29e0454b1?s=96&d=mm&r=g","url":"https:\/\/secure.gravatar.com\/avatar\/40d103b9a6d00cd093d12c6162c9eb850a429bf2416787e7f1b965e29e0454b1?s=96&d=mm&r=g","contentUrl":"https:\/\/secure.gravatar.com\/avatar\/40d103b9a6d00cd093d12c6162c9eb850a429bf2416787e7f1b965e29e0454b1?s=96&d=mm&r=g","caption":"Vi\u00f1a Concha y Toro"},"url":"https:\/\/vinacyt.com\/en\/noticia\/author\/vinaconchaytoroconchaytoro-cl\/"}]}},"_links":{"self":[{"href":"https:\/\/vinacyt.com\/en\/wp-json\/wp\/v2\/posts\/26189","targetHints":{"allow":["GET"]}}],"collection":[{"href":"https:\/\/vinacyt.com\/en\/wp-json\/wp\/v2\/posts"}],"about":[{"href":"https:\/\/vinacyt.com\/en\/wp-json\/wp\/v2\/types\/post"}],"author":[{"embeddable":true,"href":"https:\/\/vinacyt.com\/en\/wp-json\/wp\/v2\/users\/3"}],"replies":[{"embeddable":true,"href":"https:\/\/vinacyt.com\/en\/wp-json\/wp\/v2\/comments?post=26189"}],"version-history":[{"count":0,"href":"https:\/\/vinacyt.com\/en\/wp-json\/wp\/v2\/posts\/26189\/revisions"}],"wp:featuredmedia":[{"embeddable":true,"href":"https:\/\/vinacyt.com\/en\/wp-json\/wp\/v2\/media\/25300"}],"wp:attachment":[{"href":"https:\/\/vinacyt.com\/en\/wp-json\/wp\/v2\/media?parent=26189"}],"wp:term":[{"taxonomy":"category","embeddable":true,"href":"https:\/\/vinacyt.com\/en\/wp-json\/wp\/v2\/categories?post=26189"},{"taxonomy":"post_tag","embeddable":true,"href":"https:\/\/vinacyt.com\/en\/wp-json\/wp\/v2\/tags?post=26189"}],"curies":[{"name":"wp","href":"https:\/\/api.w.org\/{rel}","templated":true}]}}