{"id":40390,"date":"2021-05-17T10:19:47","date_gmt":"2021-05-17T14:19:47","guid":{"rendered":"https:\/\/vinacyt.com\/?p=40390"},"modified":"2021-05-17T10:19:47","modified_gmt":"2021-05-17T14:19:47","slug":"lets-celebrate-international-recycling-day-together","status":"publish","type":"post","link":"https:\/\/vinacyt.com\/en\/noticia\/sustainability\/lets-celebrate-international-recycling-day-together\/","title":{"rendered":"Let\u2019s celebrate International Recycling Day together"},"content":{"rendered":"<p><b><i>We are celebrating International Recycling Day with the initiatives that contribute to recycling at the different subsidiaries of Vi\u00f1a Concha y Toro.<\/i><\/b><\/p>\n<p><span style=\"font-weight: 400;\">This Monday, May 17 is International Recycling Day, offering us a chance to reflect on how recycling initiatives contribute to reducing greenhouse gas emissions. To mark this event, we want to tell you more about our recycling efforts at Vi\u00f1a Concha y Toro.\u00a0<\/span><\/p>\n<p><span style=\"font-weight: 400;\">In line with its goal to achieve zero waste to landfill in 2020, Vi\u00f1a Concha y Toro\u00a0 established a strategic alliance with the cleaning supplies company Virutex Ilko to enhance the plastic waste liner pet which is used as raw material for the production from a 100% recycled and biodegradable dishwasher container. In addition, in 2019 it concluded an agreement with Haproba Uva Chile SpA., in which the company annually delivers a total of 100 tons of organic waste for <\/span><b>the production of grape bagasse flour,<\/b><span style=\"font-weight: 400;\"> a functional food with excellent nutritional properties, and a clear circular economy success story.\u00a0<\/span><\/p>\n<p><span style=\"font-weight: 400;\">Meanwhile, in Argentina, our subsidiary <\/span><b>Trivento<\/b><span style=\"font-weight: 400;\"> has implemented a waste management program covering waste classification, sorting and final disposal, which to date has achieved positive results. In total, 87.2% of solid waste generated by the company in 2020 was of organic origin (plant remains, marc and stalks), 6% was recyclable waste (glass, paper, plastic and metals), 0.1% was hazardous waste, and 6.7% was household waste. These achievements have been possible thanks to actions such as composting, recyclable waste management in collaboration with cooperatives of urban reclaimers and companies such as Corpa, Maderas Pl\u00e1sticas and Reciclarg, management of technological waste that has already reached its useful life, among others.<\/span><\/p>\n<p><span style=\"font-weight: 400;\">Finally, our Californian winery <\/span><b>Fetzer Vineyards<\/b><span style=\"font-weight: 400;\"> has reduced its annual waste sent to landfill by 98% since 1990,<\/span><span style=\"font-weight: 400;\"> becoming <\/span><b>the first wine company to obtain the Zero Waste certification from the U.S. Zero Waste Business Council<\/b><span style=\"font-weight: 400;\"> in 2014. The company\u2019s recycling initiatives include collecting grape marc to be used as compost in its vineyards following the wine production process. Additionally, together with its suppliers, it aims to find solutions and opportunities to eliminate waste and non-recyclable materials from its production flows.<\/span><\/p>\n<p>&nbsp;<\/p>\n","protected":false},"excerpt":{"rendered":"<p>We are celebrating International Recycling Day with the initiatives that contribute to recycling at the different subsidiaries of Vi\u00f1a Concha y Toro. This Monday, May 17 is International Recycling Day, offering us a chance to reflect on how recycling initiatives contribute to reducing greenhouse gas emissions. To mark this event, we want to tell you [&hellip;]<\/p>\n","protected":false},"author":3,"featured_media":40388,"comment_status":"closed","ping_status":"closed","sticky":false,"template":"","format":"standard","meta":{"_acf_changed":false,"_monsterinsights_skip_tracking":false,"_monsterinsights_sitenote_active":false,"_monsterinsights_sitenote_note":"","_monsterinsights_sitenote_category":0,"footnotes":""},"categories":[42],"tags":[],"class_list":["post-40390","post","type-post","status-publish","format-standard","has-post-thumbnail","hentry","category-sustainability"],"acf":[],"yoast_head":"<!-- This site is optimized with the Yoast SEO plugin v27.4 - https:\/\/yoast.com\/product\/yoast-seo-wordpress\/ -->\n<title>Let\u2019s celebrate International Recycling Day together - Vi\u00f1a Concha y Toro<\/title>\n<meta name=\"robots\" content=\"index, follow, max-snippet:-1, max-image-preview:large, max-video-preview:-1\" \/>\n<link rel=\"canonical\" href=\"https:\/\/vinacyt.com\/en\/noticia\/sustainability\/lets-celebrate-international-recycling-day-together\/\" \/>\n<meta property=\"og:locale\" content=\"en_US\" \/>\n<meta property=\"og:type\" content=\"article\" \/>\n<meta property=\"og:title\" content=\"Let\u2019s celebrate International Recycling Day together - Vi\u00f1a Concha y Toro\" \/>\n<meta property=\"og:description\" content=\"We are celebrating International Recycling Day with the initiatives that contribute to recycling at the different subsidiaries of Vi\u00f1a Concha y Toro. This Monday, May 17 is International Recycling Day, offering us a chance to reflect on how recycling initiatives contribute to reducing greenhouse gas emissions. To mark this event, we want to tell you [&hellip;]\" \/>\n<meta property=\"og:url\" content=\"https:\/\/vinacyt.com\/en\/noticia\/sustainability\/lets-celebrate-international-recycling-day-together\/\" \/>\n<meta property=\"og:site_name\" content=\"Vi\u00f1a Concha y Toro\" \/>\n<meta property=\"article:published_time\" content=\"2021-05-17T14:19:47+00:00\" \/>\n<meta property=\"og:image\" content=\"https:\/\/vinacyt.com\/content\/uploads\/2021\/05\/reciclaje-web.png\" \/>\n\t<meta property=\"og:image:width\" content=\"1200\" \/>\n\t<meta property=\"og:image:height\" content=\"800\" \/>\n\t<meta property=\"og:image:type\" content=\"image\/png\" \/>\n<meta name=\"author\" content=\"Vi\u00f1a Concha y Toro\" \/>\n<meta name=\"twitter:card\" content=\"summary_large_image\" \/>\n<meta name=\"twitter:label1\" content=\"Written by\" \/>\n\t<meta name=\"twitter:data1\" content=\"Vi\u00f1a Concha y Toro\" \/>\n\t<meta name=\"twitter:label2\" content=\"Est. reading time\" \/>\n\t<meta name=\"twitter:data2\" content=\"2 minutes\" \/>\n<script type=\"application\/ld+json\" class=\"yoast-schema-graph\">{\"@context\":\"https:\\\/\\\/schema.org\",\"@graph\":[{\"@type\":\"Article\",\"@id\":\"https:\\\/\\\/vinacyt.com\\\/en\\\/noticia\\\/sustainability\\\/lets-celebrate-international-recycling-day-together\\\/#article\",\"isPartOf\":{\"@id\":\"https:\\\/\\\/vinacyt.com\\\/en\\\/noticia\\\/sustainability\\\/lets-celebrate-international-recycling-day-together\\\/\"},\"author\":{\"name\":\"Vi\u00f1a Concha y Toro\",\"@id\":\"https:\\\/\\\/vinacyt.com\\\/en\\\/#\\\/schema\\\/person\\\/06b9c8eed334179af142451ebcd6eceb\"},\"headline\":\"Let\u2019s celebrate International Recycling Day together\",\"datePublished\":\"2021-05-17T14:19:47+00:00\",\"mainEntityOfPage\":{\"@id\":\"https:\\\/\\\/vinacyt.com\\\/en\\\/noticia\\\/sustainability\\\/lets-celebrate-international-recycling-day-together\\\/\"},\"wordCount\":355,\"image\":{\"@id\":\"https:\\\/\\\/vinacyt.com\\\/en\\\/noticia\\\/sustainability\\\/lets-celebrate-international-recycling-day-together\\\/#primaryimage\"},\"thumbnailUrl\":\"https:\\\/\\\/vinacyt.com\\\/content\\\/uploads\\\/2021\\\/05\\\/reciclaje-web.png\",\"articleSection\":[\"Sustainability\"],\"inLanguage\":\"en-US\"},{\"@type\":\"WebPage\",\"@id\":\"https:\\\/\\\/vinacyt.com\\\/en\\\/noticia\\\/sustainability\\\/lets-celebrate-international-recycling-day-together\\\/\",\"url\":\"https:\\\/\\\/vinacyt.com\\\/en\\\/noticia\\\/sustainability\\\/lets-celebrate-international-recycling-day-together\\\/\",\"name\":\"Let\u2019s celebrate International Recycling Day together - Vi\u00f1a Concha y Toro\",\"isPartOf\":{\"@id\":\"https:\\\/\\\/vinacyt.com\\\/en\\\/#website\"},\"primaryImageOfPage\":{\"@id\":\"https:\\\/\\\/vinacyt.com\\\/en\\\/noticia\\\/sustainability\\\/lets-celebrate-international-recycling-day-together\\\/#primaryimage\"},\"image\":{\"@id\":\"https:\\\/\\\/vinacyt.com\\\/en\\\/noticia\\\/sustainability\\\/lets-celebrate-international-recycling-day-together\\\/#primaryimage\"},\"thumbnailUrl\":\"https:\\\/\\\/vinacyt.com\\\/content\\\/uploads\\\/2021\\\/05\\\/reciclaje-web.png\",\"datePublished\":\"2021-05-17T14:19:47+00:00\",\"author\":{\"@id\":\"https:\\\/\\\/vinacyt.com\\\/en\\\/#\\\/schema\\\/person\\\/06b9c8eed334179af142451ebcd6eceb\"},\"breadcrumb\":{\"@id\":\"https:\\\/\\\/vinacyt.com\\\/en\\\/noticia\\\/sustainability\\\/lets-celebrate-international-recycling-day-together\\\/#breadcrumb\"},\"inLanguage\":\"en-US\",\"potentialAction\":[{\"@type\":\"ReadAction\",\"target\":[\"https:\\\/\\\/vinacyt.com\\\/en\\\/noticia\\\/sustainability\\\/lets-celebrate-international-recycling-day-together\\\/\"]}]},{\"@type\":\"ImageObject\",\"inLanguage\":\"en-US\",\"@id\":\"https:\\\/\\\/vinacyt.com\\\/en\\\/noticia\\\/sustainability\\\/lets-celebrate-international-recycling-day-together\\\/#primaryimage\",\"url\":\"https:\\\/\\\/vinacyt.com\\\/content\\\/uploads\\\/2021\\\/05\\\/reciclaje-web.png\",\"contentUrl\":\"https:\\\/\\\/vinacyt.com\\\/content\\\/uploads\\\/2021\\\/05\\\/reciclaje-web.png\",\"width\":1200,\"height\":800},{\"@type\":\"BreadcrumbList\",\"@id\":\"https:\\\/\\\/vinacyt.com\\\/en\\\/noticia\\\/sustainability\\\/lets-celebrate-international-recycling-day-together\\\/#breadcrumb\",\"itemListElement\":[{\"@type\":\"ListItem\",\"position\":1,\"name\":\"Home\",\"item\":\"https:\\\/\\\/vinacyt.com\\\/en\\\/\"},{\"@type\":\"ListItem\",\"position\":2,\"name\":\"Let\u2019s celebrate International Recycling Day together\"}]},{\"@type\":\"WebSite\",\"@id\":\"https:\\\/\\\/vinacyt.com\\\/en\\\/#website\",\"url\":\"https:\\\/\\\/vinacyt.com\\\/en\\\/\",\"name\":\"Vi\u00f1a Concha y Toro\",\"description\":\"Vi\u00f1a Concha y Toro se ha convertido en el principal productor de vinos de Latinoam\u00e9rica con una destacada posici\u00f3n entre las compa\u00f1\u00edas de vino m\u00e1s importantes del mundo y con presencia en m\u00e1s de 130 pa\u00edses\",\"potentialAction\":[{\"@type\":\"SearchAction\",\"target\":{\"@type\":\"EntryPoint\",\"urlTemplate\":\"https:\\\/\\\/vinacyt.com\\\/en\\\/?s={search_term_string}\"},\"query-input\":{\"@type\":\"PropertyValueSpecification\",\"valueRequired\":true,\"valueName\":\"search_term_string\"}}],\"inLanguage\":\"en-US\"},{\"@type\":\"Person\",\"@id\":\"https:\\\/\\\/vinacyt.com\\\/en\\\/#\\\/schema\\\/person\\\/06b9c8eed334179af142451ebcd6eceb\",\"name\":\"Vi\u00f1a Concha y Toro\",\"image\":{\"@type\":\"ImageObject\",\"inLanguage\":\"en-US\",\"@id\":\"https:\\\/\\\/secure.gravatar.com\\\/avatar\\\/40d103b9a6d00cd093d12c6162c9eb850a429bf2416787e7f1b965e29e0454b1?s=96&d=mm&r=g\",\"url\":\"https:\\\/\\\/secure.gravatar.com\\\/avatar\\\/40d103b9a6d00cd093d12c6162c9eb850a429bf2416787e7f1b965e29e0454b1?s=96&d=mm&r=g\",\"contentUrl\":\"https:\\\/\\\/secure.gravatar.com\\\/avatar\\\/40d103b9a6d00cd093d12c6162c9eb850a429bf2416787e7f1b965e29e0454b1?s=96&d=mm&r=g\",\"caption\":\"Vi\u00f1a Concha y Toro\"},\"url\":\"https:\\\/\\\/vinacyt.com\\\/en\\\/noticia\\\/author\\\/vinaconchaytoroconchaytoro-cl\\\/\"}]}<\/script>\n<!-- \/ Yoast SEO plugin. -->","yoast_head_json":{"title":"Let\u2019s celebrate International Recycling Day together - Vi\u00f1a Concha y Toro","robots":{"index":"index","follow":"follow","max-snippet":"max-snippet:-1","max-image-preview":"max-image-preview:large","max-video-preview":"max-video-preview:-1"},"canonical":"https:\/\/vinacyt.com\/en\/noticia\/sustainability\/lets-celebrate-international-recycling-day-together\/","og_locale":"en_US","og_type":"article","og_title":"Let\u2019s celebrate International Recycling Day together - Vi\u00f1a Concha y Toro","og_description":"We are celebrating International Recycling Day with the initiatives that contribute to recycling at the different subsidiaries of Vi\u00f1a Concha y Toro. This Monday, May 17 is International Recycling Day, offering us a chance to reflect on how recycling initiatives contribute to reducing greenhouse gas emissions. To mark this event, we want to tell you [&hellip;]","og_url":"https:\/\/vinacyt.com\/en\/noticia\/sustainability\/lets-celebrate-international-recycling-day-together\/","og_site_name":"Vi\u00f1a Concha y Toro","article_published_time":"2021-05-17T14:19:47+00:00","og_image":[{"width":1200,"height":800,"url":"https:\/\/vinacyt.com\/content\/uploads\/2021\/05\/reciclaje-web.png","type":"image\/png"}],"author":"Vi\u00f1a Concha y Toro","twitter_card":"summary_large_image","twitter_misc":{"Written by":"Vi\u00f1a Concha y Toro","Est. reading time":"2 minutes"},"schema":{"@context":"https:\/\/schema.org","@graph":[{"@type":"Article","@id":"https:\/\/vinacyt.com\/en\/noticia\/sustainability\/lets-celebrate-international-recycling-day-together\/#article","isPartOf":{"@id":"https:\/\/vinacyt.com\/en\/noticia\/sustainability\/lets-celebrate-international-recycling-day-together\/"},"author":{"name":"Vi\u00f1a Concha y Toro","@id":"https:\/\/vinacyt.com\/en\/#\/schema\/person\/06b9c8eed334179af142451ebcd6eceb"},"headline":"Let\u2019s celebrate International Recycling Day together","datePublished":"2021-05-17T14:19:47+00:00","mainEntityOfPage":{"@id":"https:\/\/vinacyt.com\/en\/noticia\/sustainability\/lets-celebrate-international-recycling-day-together\/"},"wordCount":355,"image":{"@id":"https:\/\/vinacyt.com\/en\/noticia\/sustainability\/lets-celebrate-international-recycling-day-together\/#primaryimage"},"thumbnailUrl":"https:\/\/vinacyt.com\/content\/uploads\/2021\/05\/reciclaje-web.png","articleSection":["Sustainability"],"inLanguage":"en-US"},{"@type":"WebPage","@id":"https:\/\/vinacyt.com\/en\/noticia\/sustainability\/lets-celebrate-international-recycling-day-together\/","url":"https:\/\/vinacyt.com\/en\/noticia\/sustainability\/lets-celebrate-international-recycling-day-together\/","name":"Let\u2019s celebrate International Recycling Day together - Vi\u00f1a Concha y Toro","isPartOf":{"@id":"https:\/\/vinacyt.com\/en\/#website"},"primaryImageOfPage":{"@id":"https:\/\/vinacyt.com\/en\/noticia\/sustainability\/lets-celebrate-international-recycling-day-together\/#primaryimage"},"image":{"@id":"https:\/\/vinacyt.com\/en\/noticia\/sustainability\/lets-celebrate-international-recycling-day-together\/#primaryimage"},"thumbnailUrl":"https:\/\/vinacyt.com\/content\/uploads\/2021\/05\/reciclaje-web.png","datePublished":"2021-05-17T14:19:47+00:00","author":{"@id":"https:\/\/vinacyt.com\/en\/#\/schema\/person\/06b9c8eed334179af142451ebcd6eceb"},"breadcrumb":{"@id":"https:\/\/vinacyt.com\/en\/noticia\/sustainability\/lets-celebrate-international-recycling-day-together\/#breadcrumb"},"inLanguage":"en-US","potentialAction":[{"@type":"ReadAction","target":["https:\/\/vinacyt.com\/en\/noticia\/sustainability\/lets-celebrate-international-recycling-day-together\/"]}]},{"@type":"ImageObject","inLanguage":"en-US","@id":"https:\/\/vinacyt.com\/en\/noticia\/sustainability\/lets-celebrate-international-recycling-day-together\/#primaryimage","url":"https:\/\/vinacyt.com\/content\/uploads\/2021\/05\/reciclaje-web.png","contentUrl":"https:\/\/vinacyt.com\/content\/uploads\/2021\/05\/reciclaje-web.png","width":1200,"height":800},{"@type":"BreadcrumbList","@id":"https:\/\/vinacyt.com\/en\/noticia\/sustainability\/lets-celebrate-international-recycling-day-together\/#breadcrumb","itemListElement":[{"@type":"ListItem","position":1,"name":"Home","item":"https:\/\/vinacyt.com\/en\/"},{"@type":"ListItem","position":2,"name":"Let\u2019s celebrate International Recycling Day together"}]},{"@type":"WebSite","@id":"https:\/\/vinacyt.com\/en\/#website","url":"https:\/\/vinacyt.com\/en\/","name":"Vi\u00f1a Concha y Toro","description":"Vi\u00f1a Concha y Toro se ha convertido en el principal productor de vinos de Latinoam\u00e9rica con una destacada posici\u00f3n entre las compa\u00f1\u00edas de vino m\u00e1s importantes del mundo y con presencia en m\u00e1s de 130 pa\u00edses","potentialAction":[{"@type":"SearchAction","target":{"@type":"EntryPoint","urlTemplate":"https:\/\/vinacyt.com\/en\/?s={search_term_string}"},"query-input":{"@type":"PropertyValueSpecification","valueRequired":true,"valueName":"search_term_string"}}],"inLanguage":"en-US"},{"@type":"Person","@id":"https:\/\/vinacyt.com\/en\/#\/schema\/person\/06b9c8eed334179af142451ebcd6eceb","name":"Vi\u00f1a Concha y Toro","image":{"@type":"ImageObject","inLanguage":"en-US","@id":"https:\/\/secure.gravatar.com\/avatar\/40d103b9a6d00cd093d12c6162c9eb850a429bf2416787e7f1b965e29e0454b1?s=96&d=mm&r=g","url":"https:\/\/secure.gravatar.com\/avatar\/40d103b9a6d00cd093d12c6162c9eb850a429bf2416787e7f1b965e29e0454b1?s=96&d=mm&r=g","contentUrl":"https:\/\/secure.gravatar.com\/avatar\/40d103b9a6d00cd093d12c6162c9eb850a429bf2416787e7f1b965e29e0454b1?s=96&d=mm&r=g","caption":"Vi\u00f1a Concha y Toro"},"url":"https:\/\/vinacyt.com\/en\/noticia\/author\/vinaconchaytoroconchaytoro-cl\/"}]}},"_links":{"self":[{"href":"https:\/\/vinacyt.com\/en\/wp-json\/wp\/v2\/posts\/40390","targetHints":{"allow":["GET"]}}],"collection":[{"href":"https:\/\/vinacyt.com\/en\/wp-json\/wp\/v2\/posts"}],"about":[{"href":"https:\/\/vinacyt.com\/en\/wp-json\/wp\/v2\/types\/post"}],"author":[{"embeddable":true,"href":"https:\/\/vinacyt.com\/en\/wp-json\/wp\/v2\/users\/3"}],"replies":[{"embeddable":true,"href":"https:\/\/vinacyt.com\/en\/wp-json\/wp\/v2\/comments?post=40390"}],"version-history":[{"count":0,"href":"https:\/\/vinacyt.com\/en\/wp-json\/wp\/v2\/posts\/40390\/revisions"}],"wp:featuredmedia":[{"embeddable":true,"href":"https:\/\/vinacyt.com\/en\/wp-json\/wp\/v2\/media\/40388"}],"wp:attachment":[{"href":"https:\/\/vinacyt.com\/en\/wp-json\/wp\/v2\/media?parent=40390"}],"wp:term":[{"taxonomy":"category","embeddable":true,"href":"https:\/\/vinacyt.com\/en\/wp-json\/wp\/v2\/categories?post=40390"},{"taxonomy":"post_tag","embeddable":true,"href":"https:\/\/vinacyt.com\/en\/wp-json\/wp\/v2\/tags?post=40390"}],"curies":[{"name":"wp","href":"https:\/\/api.w.org\/{rel}","templated":true}]}}