{"id":40767,"date":"2021-10-01T14:25:56","date_gmt":"2021-10-01T17:25:56","guid":{"rendered":"https:\/\/vinacyt.com\/?p=40767"},"modified":"2021-10-05T14:32:19","modified_gmt":"2021-10-05T17:32:19","slug":"comprometidos-con-el-consumo-responsable-deprincipioafin","status":"publish","type":"post","link":"https:\/\/vinacyt.com\/en\/noticia\/excellence\/comprometidos-con-el-consumo-responsable-deprincipioafin\/","title":{"rendered":"Committed to Responsible Consumption #FromBeginningToEnd"},"content":{"rendered":"<p><i><span style=\"font-weight: 400;\">The new corporate campaign seeks to faithfully express Vi\u00f1a Concha y Toro&#8217;s passion for responsible wine consumption, from the vineyard to the glass that reaches its consumers.<\/span><\/i><\/p>\n<p><span style=\"font-weight: 400;\">Due to Vi\u00f1a Concha y Toro is the main wine producer in Latin America and the fourth in the world, it understands that the promotion of Responsible Consumption is an essential element and a necessary value to consolidate its leadership at a global level, as well as being a fundamental part of their commitment to the present and future society.<\/span><\/p>\n<p><span style=\"font-weight: 400;\">One of the guidelines of its new corporate Responsible Consumption campaign is to inform and educate its workers, customers and suppliers around the world about moderate wine consumption, through recommendations and relevant information on what is the correct measure.<\/span><\/p>\n<p><b>Know your measure<\/b><\/p>\n<p><span style=\"font-weight: 400;\">Vi\u00f1a Concha y Toro has established a standard serving of 100 ml for red, white or sparkling wine. The most common serving measure in restaurants and bars is 150 ml, so it is very important to know what your measure is and enjoy it responsibly. The World Health Organization (WHO) and Wine in Moderation stipulate the measurement through the \u201cStandard Drink\u201d, which contains approximately 10 grams of pure alcohol (which may vary depending on the alcohol concentration of your drink, and the amount served in your glass). By knowing how many standard drinks you have consumed, the amount of pure alcohol that you have ingested can be measured and, based on that, you can estimate how long it will take to be fully eliminated from your body.<\/span><\/p>\n<p><b>General recommendations<\/b><\/p>\n<p><span style=\"font-weight: 400;\">It is important to know that when it comes to drinking a glass of wine, each body reacts differently, this is because there are different factors that influence the alcohol absorption within the body. Among them, we can mention age, physical condition, speed of consumption or combination of alcoholic beverages.<\/span><\/p>\n<p><span style=\"font-weight: 400;\">To find out how many glasses are recommended to drink according to physical condition and other factors, we invite you to visit the Responsible Consumption website of Vi\u00f1a Concha y Toro <\/span><a href=\"http:\/\/consumoresponsable.vinacyt.com\/en\/\"><span style=\"font-weight: 400;\">by clicking here.<\/span><\/a><\/p>\n","protected":false},"excerpt":{"rendered":"<p>The new corporate campaign seeks to faithfully express Vi\u00f1a Concha y Toro&#8217;s passion for responsible wine consumption, from the vineyard to the glass that reaches its consumers. Due to Vi\u00f1a Concha y Toro is the main wine producer in Latin America and the fourth in the world, it understands that the promotion of Responsible Consumption [&hellip;]<\/p>\n","protected":false},"author":3,"featured_media":40776,"comment_status":"closed","ping_status":"closed","sticky":false,"template":"","format":"standard","meta":{"_acf_changed":false,"_monsterinsights_skip_tracking":false,"_monsterinsights_sitenote_active":false,"_monsterinsights_sitenote_note":"","_monsterinsights_sitenote_category":0,"footnotes":""},"categories":[80],"tags":[],"class_list":["post-40767","post","type-post","status-publish","format-standard","has-post-thumbnail","hentry","category-excellence"],"acf":[],"yoast_head":"<!-- This site is optimized with the Yoast SEO plugin v27.4 - https:\/\/yoast.com\/product\/yoast-seo-wordpress\/ -->\n<title>Committed to Responsible Consumption #FromBeginningToEnd - Vi\u00f1a Concha y Toro<\/title>\n<meta name=\"robots\" content=\"index, follow, max-snippet:-1, max-image-preview:large, max-video-preview:-1\" \/>\n<link rel=\"canonical\" href=\"https:\/\/vinacyt.com\/en\/noticia\/excellence\/comprometidos-con-el-consumo-responsable-deprincipioafin\/\" \/>\n<meta property=\"og:locale\" content=\"en_US\" \/>\n<meta property=\"og:type\" content=\"article\" \/>\n<meta property=\"og:title\" content=\"Committed to Responsible Consumption #FromBeginningToEnd - Vi\u00f1a Concha y Toro\" \/>\n<meta property=\"og:description\" content=\"The new corporate campaign seeks to faithfully express Vi\u00f1a Concha y Toro&#8217;s passion for responsible wine consumption, from the vineyard to the glass that reaches its consumers. Due to Vi\u00f1a Concha y Toro is the main wine producer in Latin America and the fourth in the world, it understands that the promotion of Responsible Consumption [&hellip;]\" \/>\n<meta property=\"og:url\" content=\"https:\/\/vinacyt.com\/en\/noticia\/excellence\/comprometidos-con-el-consumo-responsable-deprincipioafin\/\" \/>\n<meta property=\"og:site_name\" content=\"Vi\u00f1a Concha y Toro\" \/>\n<meta property=\"article:published_time\" content=\"2021-10-01T17:25:56+00:00\" \/>\n<meta property=\"article:modified_time\" content=\"2021-10-05T17:32:19+00:00\" \/>\n<meta property=\"og:image\" content=\"https:\/\/vinacyt.com\/content\/uploads\/2021\/10\/blend-960x540-eng.jpg\" \/>\n\t<meta property=\"og:image:width\" content=\"960\" \/>\n\t<meta property=\"og:image:height\" content=\"540\" \/>\n\t<meta property=\"og:image:type\" content=\"image\/jpeg\" \/>\n<meta name=\"author\" content=\"Vi\u00f1a Concha y Toro\" \/>\n<meta name=\"twitter:card\" content=\"summary_large_image\" \/>\n<meta name=\"twitter:label1\" content=\"Written by\" \/>\n\t<meta name=\"twitter:data1\" content=\"Vi\u00f1a Concha y Toro\" \/>\n\t<meta name=\"twitter:label2\" content=\"Est. reading time\" \/>\n\t<meta name=\"twitter:data2\" content=\"2 minutes\" \/>\n<script type=\"application\/ld+json\" class=\"yoast-schema-graph\">{\"@context\":\"https:\\\/\\\/schema.org\",\"@graph\":[{\"@type\":\"Article\",\"@id\":\"https:\\\/\\\/vinacyt.com\\\/en\\\/noticia\\\/excellence\\\/comprometidos-con-el-consumo-responsable-deprincipioafin\\\/#article\",\"isPartOf\":{\"@id\":\"https:\\\/\\\/vinacyt.com\\\/en\\\/noticia\\\/excellence\\\/comprometidos-con-el-consumo-responsable-deprincipioafin\\\/\"},\"author\":{\"name\":\"Vi\u00f1a Concha y Toro\",\"@id\":\"https:\\\/\\\/vinacyt.com\\\/en\\\/#\\\/schema\\\/person\\\/06b9c8eed334179af142451ebcd6eceb\"},\"headline\":\"Committed to Responsible Consumption #FromBeginningToEnd\",\"datePublished\":\"2021-10-01T17:25:56+00:00\",\"dateModified\":\"2021-10-05T17:32:19+00:00\",\"mainEntityOfPage\":{\"@id\":\"https:\\\/\\\/vinacyt.com\\\/en\\\/noticia\\\/excellence\\\/comprometidos-con-el-consumo-responsable-deprincipioafin\\\/\"},\"wordCount\":348,\"image\":{\"@id\":\"https:\\\/\\\/vinacyt.com\\\/en\\\/noticia\\\/excellence\\\/comprometidos-con-el-consumo-responsable-deprincipioafin\\\/#primaryimage\"},\"thumbnailUrl\":\"https:\\\/\\\/vinacyt.com\\\/content\\\/uploads\\\/2021\\\/10\\\/blend-960x540-eng.jpg\",\"articleSection\":[\"Excellence\"],\"inLanguage\":\"en-US\"},{\"@type\":\"WebPage\",\"@id\":\"https:\\\/\\\/vinacyt.com\\\/en\\\/noticia\\\/excellence\\\/comprometidos-con-el-consumo-responsable-deprincipioafin\\\/\",\"url\":\"https:\\\/\\\/vinacyt.com\\\/en\\\/noticia\\\/excellence\\\/comprometidos-con-el-consumo-responsable-deprincipioafin\\\/\",\"name\":\"Committed to Responsible Consumption #FromBeginningToEnd - Vi\u00f1a Concha y Toro\",\"isPartOf\":{\"@id\":\"https:\\\/\\\/vinacyt.com\\\/en\\\/#website\"},\"primaryImageOfPage\":{\"@id\":\"https:\\\/\\\/vinacyt.com\\\/en\\\/noticia\\\/excellence\\\/comprometidos-con-el-consumo-responsable-deprincipioafin\\\/#primaryimage\"},\"image\":{\"@id\":\"https:\\\/\\\/vinacyt.com\\\/en\\\/noticia\\\/excellence\\\/comprometidos-con-el-consumo-responsable-deprincipioafin\\\/#primaryimage\"},\"thumbnailUrl\":\"https:\\\/\\\/vinacyt.com\\\/content\\\/uploads\\\/2021\\\/10\\\/blend-960x540-eng.jpg\",\"datePublished\":\"2021-10-01T17:25:56+00:00\",\"dateModified\":\"2021-10-05T17:32:19+00:00\",\"author\":{\"@id\":\"https:\\\/\\\/vinacyt.com\\\/en\\\/#\\\/schema\\\/person\\\/06b9c8eed334179af142451ebcd6eceb\"},\"breadcrumb\":{\"@id\":\"https:\\\/\\\/vinacyt.com\\\/en\\\/noticia\\\/excellence\\\/comprometidos-con-el-consumo-responsable-deprincipioafin\\\/#breadcrumb\"},\"inLanguage\":\"en-US\",\"potentialAction\":[{\"@type\":\"ReadAction\",\"target\":[\"https:\\\/\\\/vinacyt.com\\\/en\\\/noticia\\\/excellence\\\/comprometidos-con-el-consumo-responsable-deprincipioafin\\\/\"]}]},{\"@type\":\"ImageObject\",\"inLanguage\":\"en-US\",\"@id\":\"https:\\\/\\\/vinacyt.com\\\/en\\\/noticia\\\/excellence\\\/comprometidos-con-el-consumo-responsable-deprincipioafin\\\/#primaryimage\",\"url\":\"https:\\\/\\\/vinacyt.com\\\/content\\\/uploads\\\/2021\\\/10\\\/blend-960x540-eng.jpg\",\"contentUrl\":\"https:\\\/\\\/vinacyt.com\\\/content\\\/uploads\\\/2021\\\/10\\\/blend-960x540-eng.jpg\",\"width\":960,\"height\":540},{\"@type\":\"BreadcrumbList\",\"@id\":\"https:\\\/\\\/vinacyt.com\\\/en\\\/noticia\\\/excellence\\\/comprometidos-con-el-consumo-responsable-deprincipioafin\\\/#breadcrumb\",\"itemListElement\":[{\"@type\":\"ListItem\",\"position\":1,\"name\":\"Home\",\"item\":\"https:\\\/\\\/vinacyt.com\\\/en\\\/\"},{\"@type\":\"ListItem\",\"position\":2,\"name\":\"Committed to Responsible Consumption #FromBeginningToEnd\"}]},{\"@type\":\"WebSite\",\"@id\":\"https:\\\/\\\/vinacyt.com\\\/en\\\/#website\",\"url\":\"https:\\\/\\\/vinacyt.com\\\/en\\\/\",\"name\":\"Vi\u00f1a Concha y Toro\",\"description\":\"Vi\u00f1a Concha y Toro se ha convertido en el principal productor de vinos de Latinoam\u00e9rica con una destacada posici\u00f3n entre las compa\u00f1\u00edas de vino m\u00e1s importantes del mundo y con presencia en m\u00e1s de 130 pa\u00edses\",\"potentialAction\":[{\"@type\":\"SearchAction\",\"target\":{\"@type\":\"EntryPoint\",\"urlTemplate\":\"https:\\\/\\\/vinacyt.com\\\/en\\\/?s={search_term_string}\"},\"query-input\":{\"@type\":\"PropertyValueSpecification\",\"valueRequired\":true,\"valueName\":\"search_term_string\"}}],\"inLanguage\":\"en-US\"},{\"@type\":\"Person\",\"@id\":\"https:\\\/\\\/vinacyt.com\\\/en\\\/#\\\/schema\\\/person\\\/06b9c8eed334179af142451ebcd6eceb\",\"name\":\"Vi\u00f1a Concha y Toro\",\"image\":{\"@type\":\"ImageObject\",\"inLanguage\":\"en-US\",\"@id\":\"https:\\\/\\\/secure.gravatar.com\\\/avatar\\\/40d103b9a6d00cd093d12c6162c9eb850a429bf2416787e7f1b965e29e0454b1?s=96&d=mm&r=g\",\"url\":\"https:\\\/\\\/secure.gravatar.com\\\/avatar\\\/40d103b9a6d00cd093d12c6162c9eb850a429bf2416787e7f1b965e29e0454b1?s=96&d=mm&r=g\",\"contentUrl\":\"https:\\\/\\\/secure.gravatar.com\\\/avatar\\\/40d103b9a6d00cd093d12c6162c9eb850a429bf2416787e7f1b965e29e0454b1?s=96&d=mm&r=g\",\"caption\":\"Vi\u00f1a Concha y Toro\"},\"url\":\"https:\\\/\\\/vinacyt.com\\\/en\\\/noticia\\\/author\\\/vinaconchaytoroconchaytoro-cl\\\/\"}]}<\/script>\n<!-- \/ Yoast SEO plugin. -->","yoast_head_json":{"title":"Committed to Responsible Consumption #FromBeginningToEnd - Vi\u00f1a Concha y Toro","robots":{"index":"index","follow":"follow","max-snippet":"max-snippet:-1","max-image-preview":"max-image-preview:large","max-video-preview":"max-video-preview:-1"},"canonical":"https:\/\/vinacyt.com\/en\/noticia\/excellence\/comprometidos-con-el-consumo-responsable-deprincipioafin\/","og_locale":"en_US","og_type":"article","og_title":"Committed to Responsible Consumption #FromBeginningToEnd - Vi\u00f1a Concha y Toro","og_description":"The new corporate campaign seeks to faithfully express Vi\u00f1a Concha y Toro&#8217;s passion for responsible wine consumption, from the vineyard to the glass that reaches its consumers. Due to Vi\u00f1a Concha y Toro is the main wine producer in Latin America and the fourth in the world, it understands that the promotion of Responsible Consumption [&hellip;]","og_url":"https:\/\/vinacyt.com\/en\/noticia\/excellence\/comprometidos-con-el-consumo-responsable-deprincipioafin\/","og_site_name":"Vi\u00f1a Concha y Toro","article_published_time":"2021-10-01T17:25:56+00:00","article_modified_time":"2021-10-05T17:32:19+00:00","og_image":[{"width":960,"height":540,"url":"https:\/\/vinacyt.com\/content\/uploads\/2021\/10\/blend-960x540-eng.jpg","type":"image\/jpeg"}],"author":"Vi\u00f1a Concha y Toro","twitter_card":"summary_large_image","twitter_misc":{"Written by":"Vi\u00f1a Concha y Toro","Est. reading time":"2 minutes"},"schema":{"@context":"https:\/\/schema.org","@graph":[{"@type":"Article","@id":"https:\/\/vinacyt.com\/en\/noticia\/excellence\/comprometidos-con-el-consumo-responsable-deprincipioafin\/#article","isPartOf":{"@id":"https:\/\/vinacyt.com\/en\/noticia\/excellence\/comprometidos-con-el-consumo-responsable-deprincipioafin\/"},"author":{"name":"Vi\u00f1a Concha y Toro","@id":"https:\/\/vinacyt.com\/en\/#\/schema\/person\/06b9c8eed334179af142451ebcd6eceb"},"headline":"Committed to Responsible Consumption #FromBeginningToEnd","datePublished":"2021-10-01T17:25:56+00:00","dateModified":"2021-10-05T17:32:19+00:00","mainEntityOfPage":{"@id":"https:\/\/vinacyt.com\/en\/noticia\/excellence\/comprometidos-con-el-consumo-responsable-deprincipioafin\/"},"wordCount":348,"image":{"@id":"https:\/\/vinacyt.com\/en\/noticia\/excellence\/comprometidos-con-el-consumo-responsable-deprincipioafin\/#primaryimage"},"thumbnailUrl":"https:\/\/vinacyt.com\/content\/uploads\/2021\/10\/blend-960x540-eng.jpg","articleSection":["Excellence"],"inLanguage":"en-US"},{"@type":"WebPage","@id":"https:\/\/vinacyt.com\/en\/noticia\/excellence\/comprometidos-con-el-consumo-responsable-deprincipioafin\/","url":"https:\/\/vinacyt.com\/en\/noticia\/excellence\/comprometidos-con-el-consumo-responsable-deprincipioafin\/","name":"Committed to Responsible Consumption #FromBeginningToEnd - Vi\u00f1a Concha y Toro","isPartOf":{"@id":"https:\/\/vinacyt.com\/en\/#website"},"primaryImageOfPage":{"@id":"https:\/\/vinacyt.com\/en\/noticia\/excellence\/comprometidos-con-el-consumo-responsable-deprincipioafin\/#primaryimage"},"image":{"@id":"https:\/\/vinacyt.com\/en\/noticia\/excellence\/comprometidos-con-el-consumo-responsable-deprincipioafin\/#primaryimage"},"thumbnailUrl":"https:\/\/vinacyt.com\/content\/uploads\/2021\/10\/blend-960x540-eng.jpg","datePublished":"2021-10-01T17:25:56+00:00","dateModified":"2021-10-05T17:32:19+00:00","author":{"@id":"https:\/\/vinacyt.com\/en\/#\/schema\/person\/06b9c8eed334179af142451ebcd6eceb"},"breadcrumb":{"@id":"https:\/\/vinacyt.com\/en\/noticia\/excellence\/comprometidos-con-el-consumo-responsable-deprincipioafin\/#breadcrumb"},"inLanguage":"en-US","potentialAction":[{"@type":"ReadAction","target":["https:\/\/vinacyt.com\/en\/noticia\/excellence\/comprometidos-con-el-consumo-responsable-deprincipioafin\/"]}]},{"@type":"ImageObject","inLanguage":"en-US","@id":"https:\/\/vinacyt.com\/en\/noticia\/excellence\/comprometidos-con-el-consumo-responsable-deprincipioafin\/#primaryimage","url":"https:\/\/vinacyt.com\/content\/uploads\/2021\/10\/blend-960x540-eng.jpg","contentUrl":"https:\/\/vinacyt.com\/content\/uploads\/2021\/10\/blend-960x540-eng.jpg","width":960,"height":540},{"@type":"BreadcrumbList","@id":"https:\/\/vinacyt.com\/en\/noticia\/excellence\/comprometidos-con-el-consumo-responsable-deprincipioafin\/#breadcrumb","itemListElement":[{"@type":"ListItem","position":1,"name":"Home","item":"https:\/\/vinacyt.com\/en\/"},{"@type":"ListItem","position":2,"name":"Committed to Responsible Consumption #FromBeginningToEnd"}]},{"@type":"WebSite","@id":"https:\/\/vinacyt.com\/en\/#website","url":"https:\/\/vinacyt.com\/en\/","name":"Vi\u00f1a Concha y Toro","description":"Vi\u00f1a Concha y Toro se ha convertido en el principal productor de vinos de Latinoam\u00e9rica con una destacada posici\u00f3n entre las compa\u00f1\u00edas de vino m\u00e1s importantes del mundo y con presencia en m\u00e1s de 130 pa\u00edses","potentialAction":[{"@type":"SearchAction","target":{"@type":"EntryPoint","urlTemplate":"https:\/\/vinacyt.com\/en\/?s={search_term_string}"},"query-input":{"@type":"PropertyValueSpecification","valueRequired":true,"valueName":"search_term_string"}}],"inLanguage":"en-US"},{"@type":"Person","@id":"https:\/\/vinacyt.com\/en\/#\/schema\/person\/06b9c8eed334179af142451ebcd6eceb","name":"Vi\u00f1a Concha y Toro","image":{"@type":"ImageObject","inLanguage":"en-US","@id":"https:\/\/secure.gravatar.com\/avatar\/40d103b9a6d00cd093d12c6162c9eb850a429bf2416787e7f1b965e29e0454b1?s=96&d=mm&r=g","url":"https:\/\/secure.gravatar.com\/avatar\/40d103b9a6d00cd093d12c6162c9eb850a429bf2416787e7f1b965e29e0454b1?s=96&d=mm&r=g","contentUrl":"https:\/\/secure.gravatar.com\/avatar\/40d103b9a6d00cd093d12c6162c9eb850a429bf2416787e7f1b965e29e0454b1?s=96&d=mm&r=g","caption":"Vi\u00f1a Concha y Toro"},"url":"https:\/\/vinacyt.com\/en\/noticia\/author\/vinaconchaytoroconchaytoro-cl\/"}]}},"_links":{"self":[{"href":"https:\/\/vinacyt.com\/en\/wp-json\/wp\/v2\/posts\/40767","targetHints":{"allow":["GET"]}}],"collection":[{"href":"https:\/\/vinacyt.com\/en\/wp-json\/wp\/v2\/posts"}],"about":[{"href":"https:\/\/vinacyt.com\/en\/wp-json\/wp\/v2\/types\/post"}],"author":[{"embeddable":true,"href":"https:\/\/vinacyt.com\/en\/wp-json\/wp\/v2\/users\/3"}],"replies":[{"embeddable":true,"href":"https:\/\/vinacyt.com\/en\/wp-json\/wp\/v2\/comments?post=40767"}],"version-history":[{"count":0,"href":"https:\/\/vinacyt.com\/en\/wp-json\/wp\/v2\/posts\/40767\/revisions"}],"wp:featuredmedia":[{"embeddable":true,"href":"https:\/\/vinacyt.com\/en\/wp-json\/wp\/v2\/media\/40776"}],"wp:attachment":[{"href":"https:\/\/vinacyt.com\/en\/wp-json\/wp\/v2\/media?parent=40767"}],"wp:term":[{"taxonomy":"category","embeddable":true,"href":"https:\/\/vinacyt.com\/en\/wp-json\/wp\/v2\/categories?post=40767"},{"taxonomy":"post_tag","embeddable":true,"href":"https:\/\/vinacyt.com\/en\/wp-json\/wp\/v2\/tags?post=40767"}],"curies":[{"name":"wp","href":"https:\/\/api.w.org\/{rel}","templated":true}]}}