{"id":41513,"date":"2022-04-13T11:50:10","date_gmt":"2022-04-13T15:50:10","guid":{"rendered":"https:\/\/vinacyt.com\/?p=41513"},"modified":"2022-05-10T11:58:32","modified_gmt":"2022-05-10T15:58:32","slug":"vina-concha-y-toro-presents-its-first-integrated-annual-report-2021","status":"publish","type":"post","link":"https:\/\/vinacyt.com\/en\/noticia\/excellence\/vina-concha-y-toro-presents-its-first-integrated-annual-report-2021\/","title":{"rendered":"Vi\u00f1a Concha y Toro presents its first Integrated Annual Report 2021"},"content":{"rendered":"<p><em><strong>As is tradition, the company&#8217;s Annual Report for 2021 is now available, which highlights the progress and recognition of the holding company and each of\u00a0 its subsidiaries in the three origins.<\/strong><\/em><\/p>\n<p>Vi\u00f1a Concha y Toro publishes its Annual Report and Sustainability Report individually every year, but for 2021, and for the first time in its history, a single document was prepared that brings together financial and sustainability information through an Integrated Report, which represents the ninth consecutive publication of the company&#8217;s sustainability indicators.<\/p>\n<p>This first Integrated Report presents the most relevant aspects of the company&#8217;s financial, social, environmental and governance performance to its respective stakeholders. The content of the Report is prepared in accordance with the criteria and content required by the Financial Market Commission (CMF for its acronym in Spanish), in its No. 30 standard, and in a first exercise, on a voluntary basis, some of the requirements of the new standard No. 461, which includes sustainability information in annual reports, were integrated. In addition, in line with previous sustainability reports, we continue with the recommendations and indicators of the Global Reporting Initiative (GRI) Standards.<\/p>\n<p>The main focus of this Integrated Report is the union between financial and sustainability information. &#8220;In line with this evolution, starting this year we are presenting an integrated report, which incorporates some of our actions and indicators on sustainability. This step will allow us to better appreciate the way in which sustainability is part of our corporate strategy and our day-to-day business,&#8221; says Alfonso Larra\u00edn, Chairman of Vi\u00f1a Concha y Toro, in his message at the beginning of the report.<\/p>\n<p>For now, it is only available in Spanish, nevertheless, we invite you to review the Corporate Report 2021 <a href=\"https:\/\/vinacyt.com\/content\/uploads\/2022\/04\/vina-concha-y-toro-memoria-integrada-2021-1.pdf\">here<\/a>.<\/p>\n","protected":false},"excerpt":{"rendered":"<p>As is tradition, the company&#8217;s Annual Report for 2021 is now available, which highlights the progress and recognition of the holding company and each of\u00a0 its subsidiaries in the three origins. Vi\u00f1a Concha y Toro publishes its Annual Report and Sustainability Report individually every year, but for 2021, and for the first time in its [&hellip;]<\/p>\n","protected":false},"author":3,"featured_media":41509,"comment_status":"closed","ping_status":"closed","sticky":false,"template":"","format":"standard","meta":{"_acf_changed":false,"_monsterinsights_skip_tracking":false,"_monsterinsights_sitenote_active":false,"_monsterinsights_sitenote_note":"","_monsterinsights_sitenote_category":0,"footnotes":""},"categories":[80],"tags":[],"class_list":["post-41513","post","type-post","status-publish","format-standard","has-post-thumbnail","hentry","category-excellence"],"acf":[],"yoast_head":"<!-- This site is optimized with the Yoast SEO plugin v27.4 - https:\/\/yoast.com\/product\/yoast-seo-wordpress\/ -->\n<title>Vi\u00f1a Concha y Toro presents its first Integrated Annual Report 2021 - Vi\u00f1a Concha y Toro<\/title>\n<meta name=\"robots\" content=\"index, follow, max-snippet:-1, max-image-preview:large, max-video-preview:-1\" \/>\n<link rel=\"canonical\" href=\"https:\/\/vinacyt.com\/en\/noticia\/excellence\/vina-concha-y-toro-presents-its-first-integrated-annual-report-2021\/\" \/>\n<meta property=\"og:locale\" content=\"en_US\" \/>\n<meta property=\"og:type\" content=\"article\" \/>\n<meta property=\"og:title\" content=\"Vi\u00f1a Concha y Toro presents its first Integrated Annual Report 2021 - Vi\u00f1a Concha y Toro\" \/>\n<meta property=\"og:description\" content=\"As is tradition, the company&#8217;s Annual Report for 2021 is now available, which highlights the progress and recognition of the holding company and each of\u00a0 its subsidiaries in the three origins. Vi\u00f1a Concha y Toro publishes its Annual Report and Sustainability Report individually every year, but for 2021, and for the first time in its [&hellip;]\" \/>\n<meta property=\"og:url\" content=\"https:\/\/vinacyt.com\/en\/noticia\/excellence\/vina-concha-y-toro-presents-its-first-integrated-annual-report-2021\/\" \/>\n<meta property=\"og:site_name\" content=\"Vi\u00f1a Concha y Toro\" \/>\n<meta property=\"article:published_time\" content=\"2022-04-13T15:50:10+00:00\" \/>\n<meta property=\"article:modified_time\" content=\"2022-05-10T15:58:32+00:00\" \/>\n<meta property=\"og:image\" content=\"https:\/\/vinacyt.com\/content\/uploads\/2022\/05\/memoria-960.png\" \/>\n\t<meta property=\"og:image:width\" content=\"960\" \/>\n\t<meta property=\"og:image:height\" content=\"540\" \/>\n\t<meta property=\"og:image:type\" content=\"image\/png\" \/>\n<meta name=\"author\" content=\"Vi\u00f1a Concha y Toro\" \/>\n<meta name=\"twitter:card\" content=\"summary_large_image\" \/>\n<meta name=\"twitter:label1\" content=\"Written by\" \/>\n\t<meta name=\"twitter:data1\" content=\"Vi\u00f1a Concha y Toro\" \/>\n\t<meta name=\"twitter:label2\" content=\"Est. reading time\" \/>\n\t<meta name=\"twitter:data2\" content=\"2 minutes\" \/>\n<script type=\"application\/ld+json\" class=\"yoast-schema-graph\">{\"@context\":\"https:\\\/\\\/schema.org\",\"@graph\":[{\"@type\":\"Article\",\"@id\":\"https:\\\/\\\/vinacyt.com\\\/en\\\/noticia\\\/excellence\\\/vina-concha-y-toro-presents-its-first-integrated-annual-report-2021\\\/#article\",\"isPartOf\":{\"@id\":\"https:\\\/\\\/vinacyt.com\\\/en\\\/noticia\\\/excellence\\\/vina-concha-y-toro-presents-its-first-integrated-annual-report-2021\\\/\"},\"author\":{\"name\":\"Vi\u00f1a Concha y Toro\",\"@id\":\"https:\\\/\\\/vinacyt.com\\\/en\\\/#\\\/schema\\\/person\\\/06b9c8eed334179af142451ebcd6eceb\"},\"headline\":\"Vi\u00f1a Concha y Toro presents its first Integrated Annual Report 2021\",\"datePublished\":\"2022-04-13T15:50:10+00:00\",\"dateModified\":\"2022-05-10T15:58:32+00:00\",\"mainEntityOfPage\":{\"@id\":\"https:\\\/\\\/vinacyt.com\\\/en\\\/noticia\\\/excellence\\\/vina-concha-y-toro-presents-its-first-integrated-annual-report-2021\\\/\"},\"wordCount\":294,\"image\":{\"@id\":\"https:\\\/\\\/vinacyt.com\\\/en\\\/noticia\\\/excellence\\\/vina-concha-y-toro-presents-its-first-integrated-annual-report-2021\\\/#primaryimage\"},\"thumbnailUrl\":\"https:\\\/\\\/vinacyt.com\\\/content\\\/uploads\\\/2022\\\/05\\\/memoria-960.png\",\"articleSection\":[\"Excellence\"],\"inLanguage\":\"en-US\"},{\"@type\":\"WebPage\",\"@id\":\"https:\\\/\\\/vinacyt.com\\\/en\\\/noticia\\\/excellence\\\/vina-concha-y-toro-presents-its-first-integrated-annual-report-2021\\\/\",\"url\":\"https:\\\/\\\/vinacyt.com\\\/en\\\/noticia\\\/excellence\\\/vina-concha-y-toro-presents-its-first-integrated-annual-report-2021\\\/\",\"name\":\"Vi\u00f1a Concha y Toro presents its first Integrated Annual Report 2021 - Vi\u00f1a Concha y Toro\",\"isPartOf\":{\"@id\":\"https:\\\/\\\/vinacyt.com\\\/en\\\/#website\"},\"primaryImageOfPage\":{\"@id\":\"https:\\\/\\\/vinacyt.com\\\/en\\\/noticia\\\/excellence\\\/vina-concha-y-toro-presents-its-first-integrated-annual-report-2021\\\/#primaryimage\"},\"image\":{\"@id\":\"https:\\\/\\\/vinacyt.com\\\/en\\\/noticia\\\/excellence\\\/vina-concha-y-toro-presents-its-first-integrated-annual-report-2021\\\/#primaryimage\"},\"thumbnailUrl\":\"https:\\\/\\\/vinacyt.com\\\/content\\\/uploads\\\/2022\\\/05\\\/memoria-960.png\",\"datePublished\":\"2022-04-13T15:50:10+00:00\",\"dateModified\":\"2022-05-10T15:58:32+00:00\",\"author\":{\"@id\":\"https:\\\/\\\/vinacyt.com\\\/en\\\/#\\\/schema\\\/person\\\/06b9c8eed334179af142451ebcd6eceb\"},\"breadcrumb\":{\"@id\":\"https:\\\/\\\/vinacyt.com\\\/en\\\/noticia\\\/excellence\\\/vina-concha-y-toro-presents-its-first-integrated-annual-report-2021\\\/#breadcrumb\"},\"inLanguage\":\"en-US\",\"potentialAction\":[{\"@type\":\"ReadAction\",\"target\":[\"https:\\\/\\\/vinacyt.com\\\/en\\\/noticia\\\/excellence\\\/vina-concha-y-toro-presents-its-first-integrated-annual-report-2021\\\/\"]}]},{\"@type\":\"ImageObject\",\"inLanguage\":\"en-US\",\"@id\":\"https:\\\/\\\/vinacyt.com\\\/en\\\/noticia\\\/excellence\\\/vina-concha-y-toro-presents-its-first-integrated-annual-report-2021\\\/#primaryimage\",\"url\":\"https:\\\/\\\/vinacyt.com\\\/content\\\/uploads\\\/2022\\\/05\\\/memoria-960.png\",\"contentUrl\":\"https:\\\/\\\/vinacyt.com\\\/content\\\/uploads\\\/2022\\\/05\\\/memoria-960.png\",\"width\":960,\"height\":540},{\"@type\":\"BreadcrumbList\",\"@id\":\"https:\\\/\\\/vinacyt.com\\\/en\\\/noticia\\\/excellence\\\/vina-concha-y-toro-presents-its-first-integrated-annual-report-2021\\\/#breadcrumb\",\"itemListElement\":[{\"@type\":\"ListItem\",\"position\":1,\"name\":\"Home\",\"item\":\"https:\\\/\\\/vinacyt.com\\\/en\\\/\"},{\"@type\":\"ListItem\",\"position\":2,\"name\":\"Vi\u00f1a Concha y Toro presents its first Integrated Annual Report 2021\"}]},{\"@type\":\"WebSite\",\"@id\":\"https:\\\/\\\/vinacyt.com\\\/en\\\/#website\",\"url\":\"https:\\\/\\\/vinacyt.com\\\/en\\\/\",\"name\":\"Vi\u00f1a Concha y Toro\",\"description\":\"Vi\u00f1a Concha y Toro se ha convertido en el principal productor de vinos de Latinoam\u00e9rica con una destacada posici\u00f3n entre las compa\u00f1\u00edas de vino m\u00e1s importantes del mundo y con presencia en m\u00e1s de 130 pa\u00edses\",\"potentialAction\":[{\"@type\":\"SearchAction\",\"target\":{\"@type\":\"EntryPoint\",\"urlTemplate\":\"https:\\\/\\\/vinacyt.com\\\/en\\\/?s={search_term_string}\"},\"query-input\":{\"@type\":\"PropertyValueSpecification\",\"valueRequired\":true,\"valueName\":\"search_term_string\"}}],\"inLanguage\":\"en-US\"},{\"@type\":\"Person\",\"@id\":\"https:\\\/\\\/vinacyt.com\\\/en\\\/#\\\/schema\\\/person\\\/06b9c8eed334179af142451ebcd6eceb\",\"name\":\"Vi\u00f1a Concha y Toro\",\"image\":{\"@type\":\"ImageObject\",\"inLanguage\":\"en-US\",\"@id\":\"https:\\\/\\\/secure.gravatar.com\\\/avatar\\\/40d103b9a6d00cd093d12c6162c9eb850a429bf2416787e7f1b965e29e0454b1?s=96&d=mm&r=g\",\"url\":\"https:\\\/\\\/secure.gravatar.com\\\/avatar\\\/40d103b9a6d00cd093d12c6162c9eb850a429bf2416787e7f1b965e29e0454b1?s=96&d=mm&r=g\",\"contentUrl\":\"https:\\\/\\\/secure.gravatar.com\\\/avatar\\\/40d103b9a6d00cd093d12c6162c9eb850a429bf2416787e7f1b965e29e0454b1?s=96&d=mm&r=g\",\"caption\":\"Vi\u00f1a Concha y Toro\"},\"url\":\"https:\\\/\\\/vinacyt.com\\\/en\\\/noticia\\\/author\\\/vinaconchaytoroconchaytoro-cl\\\/\"}]}<\/script>\n<!-- \/ Yoast SEO plugin. -->","yoast_head_json":{"title":"Vi\u00f1a Concha y Toro presents its first Integrated Annual Report 2021 - Vi\u00f1a Concha y Toro","robots":{"index":"index","follow":"follow","max-snippet":"max-snippet:-1","max-image-preview":"max-image-preview:large","max-video-preview":"max-video-preview:-1"},"canonical":"https:\/\/vinacyt.com\/en\/noticia\/excellence\/vina-concha-y-toro-presents-its-first-integrated-annual-report-2021\/","og_locale":"en_US","og_type":"article","og_title":"Vi\u00f1a Concha y Toro presents its first Integrated Annual Report 2021 - Vi\u00f1a Concha y Toro","og_description":"As is tradition, the company&#8217;s Annual Report for 2021 is now available, which highlights the progress and recognition of the holding company and each of\u00a0 its subsidiaries in the three origins. Vi\u00f1a Concha y Toro publishes its Annual Report and Sustainability Report individually every year, but for 2021, and for the first time in its [&hellip;]","og_url":"https:\/\/vinacyt.com\/en\/noticia\/excellence\/vina-concha-y-toro-presents-its-first-integrated-annual-report-2021\/","og_site_name":"Vi\u00f1a Concha y Toro","article_published_time":"2022-04-13T15:50:10+00:00","article_modified_time":"2022-05-10T15:58:32+00:00","og_image":[{"width":960,"height":540,"url":"https:\/\/vinacyt.com\/content\/uploads\/2022\/05\/memoria-960.png","type":"image\/png"}],"author":"Vi\u00f1a Concha y Toro","twitter_card":"summary_large_image","twitter_misc":{"Written by":"Vi\u00f1a Concha y Toro","Est. reading time":"2 minutes"},"schema":{"@context":"https:\/\/schema.org","@graph":[{"@type":"Article","@id":"https:\/\/vinacyt.com\/en\/noticia\/excellence\/vina-concha-y-toro-presents-its-first-integrated-annual-report-2021\/#article","isPartOf":{"@id":"https:\/\/vinacyt.com\/en\/noticia\/excellence\/vina-concha-y-toro-presents-its-first-integrated-annual-report-2021\/"},"author":{"name":"Vi\u00f1a Concha y Toro","@id":"https:\/\/vinacyt.com\/en\/#\/schema\/person\/06b9c8eed334179af142451ebcd6eceb"},"headline":"Vi\u00f1a Concha y Toro presents its first Integrated Annual Report 2021","datePublished":"2022-04-13T15:50:10+00:00","dateModified":"2022-05-10T15:58:32+00:00","mainEntityOfPage":{"@id":"https:\/\/vinacyt.com\/en\/noticia\/excellence\/vina-concha-y-toro-presents-its-first-integrated-annual-report-2021\/"},"wordCount":294,"image":{"@id":"https:\/\/vinacyt.com\/en\/noticia\/excellence\/vina-concha-y-toro-presents-its-first-integrated-annual-report-2021\/#primaryimage"},"thumbnailUrl":"https:\/\/vinacyt.com\/content\/uploads\/2022\/05\/memoria-960.png","articleSection":["Excellence"],"inLanguage":"en-US"},{"@type":"WebPage","@id":"https:\/\/vinacyt.com\/en\/noticia\/excellence\/vina-concha-y-toro-presents-its-first-integrated-annual-report-2021\/","url":"https:\/\/vinacyt.com\/en\/noticia\/excellence\/vina-concha-y-toro-presents-its-first-integrated-annual-report-2021\/","name":"Vi\u00f1a Concha y Toro presents its first Integrated Annual Report 2021 - Vi\u00f1a Concha y Toro","isPartOf":{"@id":"https:\/\/vinacyt.com\/en\/#website"},"primaryImageOfPage":{"@id":"https:\/\/vinacyt.com\/en\/noticia\/excellence\/vina-concha-y-toro-presents-its-first-integrated-annual-report-2021\/#primaryimage"},"image":{"@id":"https:\/\/vinacyt.com\/en\/noticia\/excellence\/vina-concha-y-toro-presents-its-first-integrated-annual-report-2021\/#primaryimage"},"thumbnailUrl":"https:\/\/vinacyt.com\/content\/uploads\/2022\/05\/memoria-960.png","datePublished":"2022-04-13T15:50:10+00:00","dateModified":"2022-05-10T15:58:32+00:00","author":{"@id":"https:\/\/vinacyt.com\/en\/#\/schema\/person\/06b9c8eed334179af142451ebcd6eceb"},"breadcrumb":{"@id":"https:\/\/vinacyt.com\/en\/noticia\/excellence\/vina-concha-y-toro-presents-its-first-integrated-annual-report-2021\/#breadcrumb"},"inLanguage":"en-US","potentialAction":[{"@type":"ReadAction","target":["https:\/\/vinacyt.com\/en\/noticia\/excellence\/vina-concha-y-toro-presents-its-first-integrated-annual-report-2021\/"]}]},{"@type":"ImageObject","inLanguage":"en-US","@id":"https:\/\/vinacyt.com\/en\/noticia\/excellence\/vina-concha-y-toro-presents-its-first-integrated-annual-report-2021\/#primaryimage","url":"https:\/\/vinacyt.com\/content\/uploads\/2022\/05\/memoria-960.png","contentUrl":"https:\/\/vinacyt.com\/content\/uploads\/2022\/05\/memoria-960.png","width":960,"height":540},{"@type":"BreadcrumbList","@id":"https:\/\/vinacyt.com\/en\/noticia\/excellence\/vina-concha-y-toro-presents-its-first-integrated-annual-report-2021\/#breadcrumb","itemListElement":[{"@type":"ListItem","position":1,"name":"Home","item":"https:\/\/vinacyt.com\/en\/"},{"@type":"ListItem","position":2,"name":"Vi\u00f1a Concha y Toro presents its first Integrated Annual Report 2021"}]},{"@type":"WebSite","@id":"https:\/\/vinacyt.com\/en\/#website","url":"https:\/\/vinacyt.com\/en\/","name":"Vi\u00f1a Concha y Toro","description":"Vi\u00f1a Concha y Toro se ha convertido en el principal productor de vinos de Latinoam\u00e9rica con una destacada posici\u00f3n entre las compa\u00f1\u00edas de vino m\u00e1s importantes del mundo y con presencia en m\u00e1s de 130 pa\u00edses","potentialAction":[{"@type":"SearchAction","target":{"@type":"EntryPoint","urlTemplate":"https:\/\/vinacyt.com\/en\/?s={search_term_string}"},"query-input":{"@type":"PropertyValueSpecification","valueRequired":true,"valueName":"search_term_string"}}],"inLanguage":"en-US"},{"@type":"Person","@id":"https:\/\/vinacyt.com\/en\/#\/schema\/person\/06b9c8eed334179af142451ebcd6eceb","name":"Vi\u00f1a Concha y Toro","image":{"@type":"ImageObject","inLanguage":"en-US","@id":"https:\/\/secure.gravatar.com\/avatar\/40d103b9a6d00cd093d12c6162c9eb850a429bf2416787e7f1b965e29e0454b1?s=96&d=mm&r=g","url":"https:\/\/secure.gravatar.com\/avatar\/40d103b9a6d00cd093d12c6162c9eb850a429bf2416787e7f1b965e29e0454b1?s=96&d=mm&r=g","contentUrl":"https:\/\/secure.gravatar.com\/avatar\/40d103b9a6d00cd093d12c6162c9eb850a429bf2416787e7f1b965e29e0454b1?s=96&d=mm&r=g","caption":"Vi\u00f1a Concha y Toro"},"url":"https:\/\/vinacyt.com\/en\/noticia\/author\/vinaconchaytoroconchaytoro-cl\/"}]}},"_links":{"self":[{"href":"https:\/\/vinacyt.com\/en\/wp-json\/wp\/v2\/posts\/41513","targetHints":{"allow":["GET"]}}],"collection":[{"href":"https:\/\/vinacyt.com\/en\/wp-json\/wp\/v2\/posts"}],"about":[{"href":"https:\/\/vinacyt.com\/en\/wp-json\/wp\/v2\/types\/post"}],"author":[{"embeddable":true,"href":"https:\/\/vinacyt.com\/en\/wp-json\/wp\/v2\/users\/3"}],"replies":[{"embeddable":true,"href":"https:\/\/vinacyt.com\/en\/wp-json\/wp\/v2\/comments?post=41513"}],"version-history":[{"count":0,"href":"https:\/\/vinacyt.com\/en\/wp-json\/wp\/v2\/posts\/41513\/revisions"}],"wp:featuredmedia":[{"embeddable":true,"href":"https:\/\/vinacyt.com\/en\/wp-json\/wp\/v2\/media\/41509"}],"wp:attachment":[{"href":"https:\/\/vinacyt.com\/en\/wp-json\/wp\/v2\/media?parent=41513"}],"wp:term":[{"taxonomy":"category","embeddable":true,"href":"https:\/\/vinacyt.com\/en\/wp-json\/wp\/v2\/categories?post=41513"},{"taxonomy":"post_tag","embeddable":true,"href":"https:\/\/vinacyt.com\/en\/wp-json\/wp\/v2\/tags?post=41513"}],"curies":[{"name":"wp","href":"https:\/\/api.w.org\/{rel}","templated":true}]}}