{"id":43698,"date":"2023-12-21T09:13:09","date_gmt":"2023-12-21T12:13:09","guid":{"rendered":"https:\/\/vinacyt.com\/?p=43698"},"modified":"2024-01-09T09:14:27","modified_gmt":"2024-01-09T12:14:27","slug":"almaviva-celebrated-its-25th-anniversary","status":"publish","type":"post","link":"https:\/\/vinacyt.com\/en\/noticia\/excellence\/almaviva-celebrated-its-25th-anniversary\/","title":{"rendered":"Almaviva celebrated its 25th anniversary"},"content":{"rendered":"<p><em><strong>The joint venture between Baron Philippe de Rothschild and Vi\u00f1a Concha y Toro recently commemorated its 25-year history by announcing a new investment for its wineries and tourist space.<\/strong><\/em><\/p>\n<p>Almaviva, the joint venture between Vi\u00f1a Concha y Toro and Baron Philippe de Rothschild, celebrated 25 years with a new vintage of the iconic brand in a ceremony attended by directors Alfonso Larra\u00edn and Rafael Guilisasti, and CEO Eduardo Guilisasti.<\/p>\n<p>During the visit to Chile, as part of the commemoration of the 25th anniversary, Philippe Sereys de Rothschild, Chairman and CEO of Almaviva, announced a new investment that includes the expansion of its wineries in Puente Alto and the opening of Vi\u00f1a Almaviva to the public as a tourist area, which will begin operations in the first quarter of 2024.<\/p>\n<p>In 1997, Baroness Philippine de Rothschild, Chairman of the Advisory Board of Baron Philippe de Rothschild S.A., and Eduardo Guilisasti Tagle, Chairman of Vi\u00f1a Concha y Toro S.A., signed a partnership agreement with the vision of creating an exceptional premium Franco-Chilean wine, called Almaviva. This 25-year alliance demonstrates years of cooperation between Vi\u00f1a Concha y Toro with the goal of providing high quality products nationally and internationally, with a focus on the tastes and palates of the most demanding customers.<\/p>\n<p>Produced under the technical supervision of both partners, the first vintage was immediately an international success after its market launch in 1998.<\/p>\n<p><strong>Philippe Sereys de Rothschild commented on why the family chose Chile to expand its horizons:<\/strong> &#8220;We discovered that there was a privileged climate for wine and we were very clear about what we wanted to make: a very high quality wine. Everything started, to a large extent, around the technical aspect, and then the product was the main thing. It was a long road, when you make a joint venture it is not just a matter of arriving and entering; we needed mutual understanding with the Guilisasti and Larra\u00edn families, understanding who is who and how the wine market was organized in Chile. To know the terroir, the winemakers, the people who work the land. We didn&#8217;t start until we were convinced that they had the same vision as we did&#8221;.<\/p>\n<p>To learn more about Almaviva, you can visit their website <a href=\"https:\/\/www.almavivawinery.com\/\">here<\/a>.<\/p>\n","protected":false},"excerpt":{"rendered":"<p>The joint venture between Baron Philippe de Rothschild and Vi\u00f1a Concha y Toro recently commemorated its 25-year history by announcing a new investment for its wineries and tourist space. Almaviva, the joint venture between Vi\u00f1a Concha y Toro and Baron Philippe de Rothschild, celebrated 25 years with a new vintage of the iconic brand in [&hellip;]<\/p>\n","protected":false},"author":6,"featured_media":43696,"comment_status":"closed","ping_status":"closed","sticky":false,"template":"","format":"standard","meta":{"_acf_changed":false,"_monsterinsights_skip_tracking":false,"_monsterinsights_sitenote_active":false,"_monsterinsights_sitenote_note":"","_monsterinsights_sitenote_category":0,"footnotes":""},"categories":[80],"tags":[],"class_list":["post-43698","post","type-post","status-publish","format-standard","has-post-thumbnail","hentry","category-excellence"],"acf":[],"yoast_head":"<!-- This site is optimized with the Yoast SEO plugin v27.4 - https:\/\/yoast.com\/product\/yoast-seo-wordpress\/ -->\n<title>Almaviva celebrated its 25th anniversary - Vi\u00f1a Concha y Toro<\/title>\n<meta name=\"robots\" content=\"index, follow, max-snippet:-1, max-image-preview:large, max-video-preview:-1\" \/>\n<link rel=\"canonical\" href=\"https:\/\/vinacyt.com\/en\/noticia\/excellence\/almaviva-celebrated-its-25th-anniversary\/\" \/>\n<meta property=\"og:locale\" content=\"en_US\" \/>\n<meta property=\"og:type\" content=\"article\" \/>\n<meta property=\"og:title\" content=\"Almaviva celebrated its 25th anniversary - Vi\u00f1a Concha y Toro\" \/>\n<meta property=\"og:description\" content=\"The joint venture between Baron Philippe de Rothschild and Vi\u00f1a Concha y Toro recently commemorated its 25-year history by announcing a new investment for its wineries and tourist space. Almaviva, the joint venture between Vi\u00f1a Concha y Toro and Baron Philippe de Rothschild, celebrated 25 years with a new vintage of the iconic brand in [&hellip;]\" \/>\n<meta property=\"og:url\" content=\"https:\/\/vinacyt.com\/en\/noticia\/excellence\/almaviva-celebrated-its-25th-anniversary\/\" \/>\n<meta property=\"og:site_name\" content=\"Vi\u00f1a Concha y Toro\" \/>\n<meta property=\"article:published_time\" content=\"2023-12-21T12:13:09+00:00\" \/>\n<meta property=\"article:modified_time\" content=\"2024-01-09T12:14:27+00:00\" \/>\n<meta property=\"og:image\" content=\"https:\/\/vinacyt.com\/content\/uploads\/2024\/01\/almaviva-1-960.png\" \/>\n\t<meta property=\"og:image:width\" content=\"960\" \/>\n\t<meta property=\"og:image:height\" content=\"540\" \/>\n\t<meta property=\"og:image:type\" content=\"image\/png\" \/>\n<meta name=\"author\" content=\"Natalia Gonz\u00e1lez\" \/>\n<meta name=\"twitter:card\" content=\"summary_large_image\" \/>\n<meta name=\"twitter:label1\" content=\"Written by\" \/>\n\t<meta name=\"twitter:data1\" content=\"Natalia Gonz\u00e1lez\" \/>\n\t<meta name=\"twitter:label2\" content=\"Est. reading time\" \/>\n\t<meta name=\"twitter:data2\" content=\"2 minutes\" \/>\n<script type=\"application\/ld+json\" class=\"yoast-schema-graph\">{\"@context\":\"https:\\\/\\\/schema.org\",\"@graph\":[{\"@type\":\"Article\",\"@id\":\"https:\\\/\\\/vinacyt.com\\\/en\\\/noticia\\\/excellence\\\/almaviva-celebrated-its-25th-anniversary\\\/#article\",\"isPartOf\":{\"@id\":\"https:\\\/\\\/vinacyt.com\\\/en\\\/noticia\\\/excellence\\\/almaviva-celebrated-its-25th-anniversary\\\/\"},\"author\":{\"name\":\"Natalia Gonz\u00e1lez\",\"@id\":\"https:\\\/\\\/vinacyt.com\\\/en\\\/#\\\/schema\\\/person\\\/f5a48fd35f8dea0345c3996f294bc715\"},\"headline\":\"Almaviva celebrated its 25th anniversary\",\"datePublished\":\"2023-12-21T12:13:09+00:00\",\"dateModified\":\"2024-01-09T12:14:27+00:00\",\"mainEntityOfPage\":{\"@id\":\"https:\\\/\\\/vinacyt.com\\\/en\\\/noticia\\\/excellence\\\/almaviva-celebrated-its-25th-anniversary\\\/\"},\"wordCount\":383,\"image\":{\"@id\":\"https:\\\/\\\/vinacyt.com\\\/en\\\/noticia\\\/excellence\\\/almaviva-celebrated-its-25th-anniversary\\\/#primaryimage\"},\"thumbnailUrl\":\"https:\\\/\\\/vinacyt.com\\\/content\\\/uploads\\\/2024\\\/01\\\/almaviva-1-960.png\",\"articleSection\":[\"Excellence\"],\"inLanguage\":\"en-US\"},{\"@type\":\"WebPage\",\"@id\":\"https:\\\/\\\/vinacyt.com\\\/en\\\/noticia\\\/excellence\\\/almaviva-celebrated-its-25th-anniversary\\\/\",\"url\":\"https:\\\/\\\/vinacyt.com\\\/en\\\/noticia\\\/excellence\\\/almaviva-celebrated-its-25th-anniversary\\\/\",\"name\":\"Almaviva celebrated its 25th anniversary - Vi\u00f1a Concha y Toro\",\"isPartOf\":{\"@id\":\"https:\\\/\\\/vinacyt.com\\\/en\\\/#website\"},\"primaryImageOfPage\":{\"@id\":\"https:\\\/\\\/vinacyt.com\\\/en\\\/noticia\\\/excellence\\\/almaviva-celebrated-its-25th-anniversary\\\/#primaryimage\"},\"image\":{\"@id\":\"https:\\\/\\\/vinacyt.com\\\/en\\\/noticia\\\/excellence\\\/almaviva-celebrated-its-25th-anniversary\\\/#primaryimage\"},\"thumbnailUrl\":\"https:\\\/\\\/vinacyt.com\\\/content\\\/uploads\\\/2024\\\/01\\\/almaviva-1-960.png\",\"datePublished\":\"2023-12-21T12:13:09+00:00\",\"dateModified\":\"2024-01-09T12:14:27+00:00\",\"author\":{\"@id\":\"https:\\\/\\\/vinacyt.com\\\/en\\\/#\\\/schema\\\/person\\\/f5a48fd35f8dea0345c3996f294bc715\"},\"breadcrumb\":{\"@id\":\"https:\\\/\\\/vinacyt.com\\\/en\\\/noticia\\\/excellence\\\/almaviva-celebrated-its-25th-anniversary\\\/#breadcrumb\"},\"inLanguage\":\"en-US\",\"potentialAction\":[{\"@type\":\"ReadAction\",\"target\":[\"https:\\\/\\\/vinacyt.com\\\/en\\\/noticia\\\/excellence\\\/almaviva-celebrated-its-25th-anniversary\\\/\"]}]},{\"@type\":\"ImageObject\",\"inLanguage\":\"en-US\",\"@id\":\"https:\\\/\\\/vinacyt.com\\\/en\\\/noticia\\\/excellence\\\/almaviva-celebrated-its-25th-anniversary\\\/#primaryimage\",\"url\":\"https:\\\/\\\/vinacyt.com\\\/content\\\/uploads\\\/2024\\\/01\\\/almaviva-1-960.png\",\"contentUrl\":\"https:\\\/\\\/vinacyt.com\\\/content\\\/uploads\\\/2024\\\/01\\\/almaviva-1-960.png\",\"width\":960,\"height\":540},{\"@type\":\"BreadcrumbList\",\"@id\":\"https:\\\/\\\/vinacyt.com\\\/en\\\/noticia\\\/excellence\\\/almaviva-celebrated-its-25th-anniversary\\\/#breadcrumb\",\"itemListElement\":[{\"@type\":\"ListItem\",\"position\":1,\"name\":\"Home\",\"item\":\"https:\\\/\\\/vinacyt.com\\\/en\\\/\"},{\"@type\":\"ListItem\",\"position\":2,\"name\":\"Almaviva celebrated its 25th anniversary\"}]},{\"@type\":\"WebSite\",\"@id\":\"https:\\\/\\\/vinacyt.com\\\/en\\\/#website\",\"url\":\"https:\\\/\\\/vinacyt.com\\\/en\\\/\",\"name\":\"Vi\u00f1a Concha y Toro\",\"description\":\"Vi\u00f1a Concha y Toro se ha convertido en el principal productor de vinos de Latinoam\u00e9rica con una destacada posici\u00f3n entre las compa\u00f1\u00edas de vino m\u00e1s importantes del mundo y con presencia en m\u00e1s de 130 pa\u00edses\",\"potentialAction\":[{\"@type\":\"SearchAction\",\"target\":{\"@type\":\"EntryPoint\",\"urlTemplate\":\"https:\\\/\\\/vinacyt.com\\\/en\\\/?s={search_term_string}\"},\"query-input\":{\"@type\":\"PropertyValueSpecification\",\"valueRequired\":true,\"valueName\":\"search_term_string\"}}],\"inLanguage\":\"en-US\"},{\"@type\":\"Person\",\"@id\":\"https:\\\/\\\/vinacyt.com\\\/en\\\/#\\\/schema\\\/person\\\/f5a48fd35f8dea0345c3996f294bc715\",\"name\":\"Natalia Gonz\u00e1lez\",\"image\":{\"@type\":\"ImageObject\",\"inLanguage\":\"en-US\",\"@id\":\"https:\\\/\\\/secure.gravatar.com\\\/avatar\\\/d9e0df5923eee13306f5a7836e954a46492d56c8b91345f031f3f5eaca5cec91?s=96&d=mm&r=g\",\"url\":\"https:\\\/\\\/secure.gravatar.com\\\/avatar\\\/d9e0df5923eee13306f5a7836e954a46492d56c8b91345f031f3f5eaca5cec91?s=96&d=mm&r=g\",\"contentUrl\":\"https:\\\/\\\/secure.gravatar.com\\\/avatar\\\/d9e0df5923eee13306f5a7836e954a46492d56c8b91345f031f3f5eaca5cec91?s=96&d=mm&r=g\",\"caption\":\"Natalia Gonz\u00e1lez\"},\"url\":\"https:\\\/\\\/vinacyt.com\\\/en\\\/noticia\\\/author\\\/natalia-gonzalezconchaytoro-cl\\\/\"}]}<\/script>\n<!-- \/ Yoast SEO plugin. -->","yoast_head_json":{"title":"Almaviva celebrated its 25th anniversary - Vi\u00f1a Concha y Toro","robots":{"index":"index","follow":"follow","max-snippet":"max-snippet:-1","max-image-preview":"max-image-preview:large","max-video-preview":"max-video-preview:-1"},"canonical":"https:\/\/vinacyt.com\/en\/noticia\/excellence\/almaviva-celebrated-its-25th-anniversary\/","og_locale":"en_US","og_type":"article","og_title":"Almaviva celebrated its 25th anniversary - Vi\u00f1a Concha y Toro","og_description":"The joint venture between Baron Philippe de Rothschild and Vi\u00f1a Concha y Toro recently commemorated its 25-year history by announcing a new investment for its wineries and tourist space. Almaviva, the joint venture between Vi\u00f1a Concha y Toro and Baron Philippe de Rothschild, celebrated 25 years with a new vintage of the iconic brand in [&hellip;]","og_url":"https:\/\/vinacyt.com\/en\/noticia\/excellence\/almaviva-celebrated-its-25th-anniversary\/","og_site_name":"Vi\u00f1a Concha y Toro","article_published_time":"2023-12-21T12:13:09+00:00","article_modified_time":"2024-01-09T12:14:27+00:00","og_image":[{"width":960,"height":540,"url":"https:\/\/vinacyt.com\/content\/uploads\/2024\/01\/almaviva-1-960.png","type":"image\/png"}],"author":"Natalia Gonz\u00e1lez","twitter_card":"summary_large_image","twitter_misc":{"Written by":"Natalia Gonz\u00e1lez","Est. reading time":"2 minutes"},"schema":{"@context":"https:\/\/schema.org","@graph":[{"@type":"Article","@id":"https:\/\/vinacyt.com\/en\/noticia\/excellence\/almaviva-celebrated-its-25th-anniversary\/#article","isPartOf":{"@id":"https:\/\/vinacyt.com\/en\/noticia\/excellence\/almaviva-celebrated-its-25th-anniversary\/"},"author":{"name":"Natalia Gonz\u00e1lez","@id":"https:\/\/vinacyt.com\/en\/#\/schema\/person\/f5a48fd35f8dea0345c3996f294bc715"},"headline":"Almaviva celebrated its 25th anniversary","datePublished":"2023-12-21T12:13:09+00:00","dateModified":"2024-01-09T12:14:27+00:00","mainEntityOfPage":{"@id":"https:\/\/vinacyt.com\/en\/noticia\/excellence\/almaviva-celebrated-its-25th-anniversary\/"},"wordCount":383,"image":{"@id":"https:\/\/vinacyt.com\/en\/noticia\/excellence\/almaviva-celebrated-its-25th-anniversary\/#primaryimage"},"thumbnailUrl":"https:\/\/vinacyt.com\/content\/uploads\/2024\/01\/almaviva-1-960.png","articleSection":["Excellence"],"inLanguage":"en-US"},{"@type":"WebPage","@id":"https:\/\/vinacyt.com\/en\/noticia\/excellence\/almaviva-celebrated-its-25th-anniversary\/","url":"https:\/\/vinacyt.com\/en\/noticia\/excellence\/almaviva-celebrated-its-25th-anniversary\/","name":"Almaviva celebrated its 25th anniversary - Vi\u00f1a Concha y Toro","isPartOf":{"@id":"https:\/\/vinacyt.com\/en\/#website"},"primaryImageOfPage":{"@id":"https:\/\/vinacyt.com\/en\/noticia\/excellence\/almaviva-celebrated-its-25th-anniversary\/#primaryimage"},"image":{"@id":"https:\/\/vinacyt.com\/en\/noticia\/excellence\/almaviva-celebrated-its-25th-anniversary\/#primaryimage"},"thumbnailUrl":"https:\/\/vinacyt.com\/content\/uploads\/2024\/01\/almaviva-1-960.png","datePublished":"2023-12-21T12:13:09+00:00","dateModified":"2024-01-09T12:14:27+00:00","author":{"@id":"https:\/\/vinacyt.com\/en\/#\/schema\/person\/f5a48fd35f8dea0345c3996f294bc715"},"breadcrumb":{"@id":"https:\/\/vinacyt.com\/en\/noticia\/excellence\/almaviva-celebrated-its-25th-anniversary\/#breadcrumb"},"inLanguage":"en-US","potentialAction":[{"@type":"ReadAction","target":["https:\/\/vinacyt.com\/en\/noticia\/excellence\/almaviva-celebrated-its-25th-anniversary\/"]}]},{"@type":"ImageObject","inLanguage":"en-US","@id":"https:\/\/vinacyt.com\/en\/noticia\/excellence\/almaviva-celebrated-its-25th-anniversary\/#primaryimage","url":"https:\/\/vinacyt.com\/content\/uploads\/2024\/01\/almaviva-1-960.png","contentUrl":"https:\/\/vinacyt.com\/content\/uploads\/2024\/01\/almaviva-1-960.png","width":960,"height":540},{"@type":"BreadcrumbList","@id":"https:\/\/vinacyt.com\/en\/noticia\/excellence\/almaviva-celebrated-its-25th-anniversary\/#breadcrumb","itemListElement":[{"@type":"ListItem","position":1,"name":"Home","item":"https:\/\/vinacyt.com\/en\/"},{"@type":"ListItem","position":2,"name":"Almaviva celebrated its 25th anniversary"}]},{"@type":"WebSite","@id":"https:\/\/vinacyt.com\/en\/#website","url":"https:\/\/vinacyt.com\/en\/","name":"Vi\u00f1a Concha y Toro","description":"Vi\u00f1a Concha y Toro se ha convertido en el principal productor de vinos de Latinoam\u00e9rica con una destacada posici\u00f3n entre las compa\u00f1\u00edas de vino m\u00e1s importantes del mundo y con presencia en m\u00e1s de 130 pa\u00edses","potentialAction":[{"@type":"SearchAction","target":{"@type":"EntryPoint","urlTemplate":"https:\/\/vinacyt.com\/en\/?s={search_term_string}"},"query-input":{"@type":"PropertyValueSpecification","valueRequired":true,"valueName":"search_term_string"}}],"inLanguage":"en-US"},{"@type":"Person","@id":"https:\/\/vinacyt.com\/en\/#\/schema\/person\/f5a48fd35f8dea0345c3996f294bc715","name":"Natalia Gonz\u00e1lez","image":{"@type":"ImageObject","inLanguage":"en-US","@id":"https:\/\/secure.gravatar.com\/avatar\/d9e0df5923eee13306f5a7836e954a46492d56c8b91345f031f3f5eaca5cec91?s=96&d=mm&r=g","url":"https:\/\/secure.gravatar.com\/avatar\/d9e0df5923eee13306f5a7836e954a46492d56c8b91345f031f3f5eaca5cec91?s=96&d=mm&r=g","contentUrl":"https:\/\/secure.gravatar.com\/avatar\/d9e0df5923eee13306f5a7836e954a46492d56c8b91345f031f3f5eaca5cec91?s=96&d=mm&r=g","caption":"Natalia Gonz\u00e1lez"},"url":"https:\/\/vinacyt.com\/en\/noticia\/author\/natalia-gonzalezconchaytoro-cl\/"}]}},"_links":{"self":[{"href":"https:\/\/vinacyt.com\/en\/wp-json\/wp\/v2\/posts\/43698","targetHints":{"allow":["GET"]}}],"collection":[{"href":"https:\/\/vinacyt.com\/en\/wp-json\/wp\/v2\/posts"}],"about":[{"href":"https:\/\/vinacyt.com\/en\/wp-json\/wp\/v2\/types\/post"}],"author":[{"embeddable":true,"href":"https:\/\/vinacyt.com\/en\/wp-json\/wp\/v2\/users\/6"}],"replies":[{"embeddable":true,"href":"https:\/\/vinacyt.com\/en\/wp-json\/wp\/v2\/comments?post=43698"}],"version-history":[{"count":0,"href":"https:\/\/vinacyt.com\/en\/wp-json\/wp\/v2\/posts\/43698\/revisions"}],"wp:featuredmedia":[{"embeddable":true,"href":"https:\/\/vinacyt.com\/en\/wp-json\/wp\/v2\/media\/43696"}],"wp:attachment":[{"href":"https:\/\/vinacyt.com\/en\/wp-json\/wp\/v2\/media?parent=43698"}],"wp:term":[{"taxonomy":"category","embeddable":true,"href":"https:\/\/vinacyt.com\/en\/wp-json\/wp\/v2\/categories?post=43698"},{"taxonomy":"post_tag","embeddable":true,"href":"https:\/\/vinacyt.com\/en\/wp-json\/wp\/v2\/tags?post=43698"}],"curies":[{"name":"wp","href":"https:\/\/api.w.org\/{rel}","templated":true}]}}