{"id":44467,"date":"2024-09-16T10:39:59","date_gmt":"2024-09-16T13:39:59","guid":{"rendered":"https:\/\/vinacyt.com\/?p=44467"},"modified":"2024-10-08T10:41:01","modified_gmt":"2024-10-08T13:41:01","slug":"don-melchor-celebrates-its-35th-vintage-anniversary-in-costa-rica","status":"publish","type":"post","link":"https:\/\/vinacyt.com\/en\/noticia\/excellence\/don-melchor-celebrates-its-35th-vintage-anniversary-in-costa-rica\/","title":{"rendered":"Don Melchor celebrates its 35th vintage anniversary in Costa Rica"},"content":{"rendered":"<p><strong><em>Through four events with the press, consumers, and key accounts, Vi\u00f1a Don Melchor celebrated the launch of the 35th harvest of the iconic Puente Alto Cabernet Sauvignon, Don Melchor.<\/em><\/strong><\/p>\n<p>As part of the global roadshow to commemorate the 35th vintage anniversary in its key markets, a series of events were held in Costa Rica aimed at highlighting this significant milestone for Vi\u00f1a Don Melchor.<\/p>\n<p>The main event took place at La Cava Alta Fiori and was attended by 65 exclusive Don Melchor clients in Costa Rica. During the event, Enrique Tirado, CEO and Technical Director of Vi\u00f1a Don Melchor, conducted a comprehensive tasting of four iconic vintages of Don Melchor.<\/p>\n<p>Additionally, three other events were held, primarily bringing together the press, key accounts, and end consumers, who were able to experience and learn about the exceptional qualities of this iconic Puente Alto Cabernet Sauvignon.<\/p>\n<p>\u201cCelebrating this new milestone in the history of Don Melchor in Costa Rica fills me with joy, as this market is increasingly capturing the interest of consumers from around the world thanks to its rich gastronomy and culture. I have witnessed Costa Rica&#8217;s growth, and it is wonderful to see how Don Melchor continues to solidify its presence in the country with the same passion and dedication,&#8221; <strong>says Enrique Tirado.<\/strong><\/p>\n<p>These four events have so far shown excellent results and have had a very positive impact on the positioning of Don Melchor among the press, consumers, and market clients.<\/p>\n","protected":false},"excerpt":{"rendered":"<p>Through four events with the press, consumers, and key accounts, Vi\u00f1a Don Melchor celebrated the launch of the 35th harvest of the iconic Puente Alto Cabernet Sauvignon, Don Melchor. As part of the global roadshow to commemorate the 35th vintage anniversary in its key markets, a series of events were held in Costa Rica aimed [&hellip;]<\/p>\n","protected":false},"author":6,"featured_media":44465,"comment_status":"closed","ping_status":"closed","sticky":false,"template":"","format":"standard","meta":{"_acf_changed":false,"_monsterinsights_skip_tracking":false,"_monsterinsights_sitenote_active":false,"_monsterinsights_sitenote_note":"","_monsterinsights_sitenote_category":0,"footnotes":""},"categories":[80],"tags":[],"class_list":["post-44467","post","type-post","status-publish","format-standard","has-post-thumbnail","hentry","category-excellence"],"acf":[],"yoast_head":"<!-- This site is optimized with the Yoast SEO plugin v27.4 - https:\/\/yoast.com\/product\/yoast-seo-wordpress\/ -->\n<title>Don Melchor celebrates its 35th vintage anniversary in Costa Rica - Vi\u00f1a Concha y Toro<\/title>\n<meta name=\"robots\" content=\"index, follow, max-snippet:-1, max-image-preview:large, max-video-preview:-1\" \/>\n<link rel=\"canonical\" href=\"https:\/\/vinacyt.com\/en\/noticia\/excellence\/don-melchor-celebrates-its-35th-vintage-anniversary-in-costa-rica\/\" \/>\n<meta property=\"og:locale\" content=\"en_US\" \/>\n<meta property=\"og:type\" content=\"article\" \/>\n<meta property=\"og:title\" content=\"Don Melchor celebrates its 35th vintage anniversary in Costa Rica - Vi\u00f1a Concha y Toro\" \/>\n<meta property=\"og:description\" content=\"Through four events with the press, consumers, and key accounts, Vi\u00f1a Don Melchor celebrated the launch of the 35th harvest of the iconic Puente Alto Cabernet Sauvignon, Don Melchor. As part of the global roadshow to commemorate the 35th vintage anniversary in its key markets, a series of events were held in Costa Rica aimed [&hellip;]\" \/>\n<meta property=\"og:url\" content=\"https:\/\/vinacyt.com\/en\/noticia\/excellence\/don-melchor-celebrates-its-35th-vintage-anniversary-in-costa-rica\/\" \/>\n<meta property=\"og:site_name\" content=\"Vi\u00f1a Concha y Toro\" \/>\n<meta property=\"article:published_time\" content=\"2024-09-16T13:39:59+00:00\" \/>\n<meta property=\"article:modified_time\" content=\"2024-10-08T13:41:01+00:00\" \/>\n<meta property=\"og:image\" content=\"https:\/\/vinacyt.com\/content\/uploads\/2024\/10\/melchor-1-960.png\" \/>\n\t<meta property=\"og:image:width\" content=\"960\" \/>\n\t<meta property=\"og:image:height\" content=\"540\" \/>\n\t<meta property=\"og:image:type\" content=\"image\/png\" \/>\n<meta name=\"author\" content=\"Natalia Gonz\u00e1lez\" \/>\n<meta name=\"twitter:card\" content=\"summary_large_image\" \/>\n<meta name=\"twitter:label1\" content=\"Written by\" \/>\n\t<meta name=\"twitter:data1\" content=\"Natalia Gonz\u00e1lez\" \/>\n\t<meta name=\"twitter:label2\" content=\"Est. reading time\" \/>\n\t<meta name=\"twitter:data2\" content=\"2 minutes\" \/>\n<script type=\"application\/ld+json\" class=\"yoast-schema-graph\">{\"@context\":\"https:\\\/\\\/schema.org\",\"@graph\":[{\"@type\":\"Article\",\"@id\":\"https:\\\/\\\/vinacyt.com\\\/en\\\/noticia\\\/excellence\\\/don-melchor-celebrates-its-35th-vintage-anniversary-in-costa-rica\\\/#article\",\"isPartOf\":{\"@id\":\"https:\\\/\\\/vinacyt.com\\\/en\\\/noticia\\\/excellence\\\/don-melchor-celebrates-its-35th-vintage-anniversary-in-costa-rica\\\/\"},\"author\":{\"name\":\"Natalia Gonz\u00e1lez\",\"@id\":\"https:\\\/\\\/vinacyt.com\\\/en\\\/#\\\/schema\\\/person\\\/f5a48fd35f8dea0345c3996f294bc715\"},\"headline\":\"Don Melchor celebrates its 35th vintage anniversary in Costa Rica\",\"datePublished\":\"2024-09-16T13:39:59+00:00\",\"dateModified\":\"2024-10-08T13:41:01+00:00\",\"mainEntityOfPage\":{\"@id\":\"https:\\\/\\\/vinacyt.com\\\/en\\\/noticia\\\/excellence\\\/don-melchor-celebrates-its-35th-vintage-anniversary-in-costa-rica\\\/\"},\"wordCount\":255,\"image\":{\"@id\":\"https:\\\/\\\/vinacyt.com\\\/en\\\/noticia\\\/excellence\\\/don-melchor-celebrates-its-35th-vintage-anniversary-in-costa-rica\\\/#primaryimage\"},\"thumbnailUrl\":\"https:\\\/\\\/vinacyt.com\\\/content\\\/uploads\\\/2024\\\/10\\\/melchor-1-960.png\",\"articleSection\":[\"Excellence\"],\"inLanguage\":\"en-US\"},{\"@type\":\"WebPage\",\"@id\":\"https:\\\/\\\/vinacyt.com\\\/en\\\/noticia\\\/excellence\\\/don-melchor-celebrates-its-35th-vintage-anniversary-in-costa-rica\\\/\",\"url\":\"https:\\\/\\\/vinacyt.com\\\/en\\\/noticia\\\/excellence\\\/don-melchor-celebrates-its-35th-vintage-anniversary-in-costa-rica\\\/\",\"name\":\"Don Melchor celebrates its 35th vintage anniversary in Costa Rica - Vi\u00f1a Concha y Toro\",\"isPartOf\":{\"@id\":\"https:\\\/\\\/vinacyt.com\\\/en\\\/#website\"},\"primaryImageOfPage\":{\"@id\":\"https:\\\/\\\/vinacyt.com\\\/en\\\/noticia\\\/excellence\\\/don-melchor-celebrates-its-35th-vintage-anniversary-in-costa-rica\\\/#primaryimage\"},\"image\":{\"@id\":\"https:\\\/\\\/vinacyt.com\\\/en\\\/noticia\\\/excellence\\\/don-melchor-celebrates-its-35th-vintage-anniversary-in-costa-rica\\\/#primaryimage\"},\"thumbnailUrl\":\"https:\\\/\\\/vinacyt.com\\\/content\\\/uploads\\\/2024\\\/10\\\/melchor-1-960.png\",\"datePublished\":\"2024-09-16T13:39:59+00:00\",\"dateModified\":\"2024-10-08T13:41:01+00:00\",\"author\":{\"@id\":\"https:\\\/\\\/vinacyt.com\\\/en\\\/#\\\/schema\\\/person\\\/f5a48fd35f8dea0345c3996f294bc715\"},\"breadcrumb\":{\"@id\":\"https:\\\/\\\/vinacyt.com\\\/en\\\/noticia\\\/excellence\\\/don-melchor-celebrates-its-35th-vintage-anniversary-in-costa-rica\\\/#breadcrumb\"},\"inLanguage\":\"en-US\",\"potentialAction\":[{\"@type\":\"ReadAction\",\"target\":[\"https:\\\/\\\/vinacyt.com\\\/en\\\/noticia\\\/excellence\\\/don-melchor-celebrates-its-35th-vintage-anniversary-in-costa-rica\\\/\"]}]},{\"@type\":\"ImageObject\",\"inLanguage\":\"en-US\",\"@id\":\"https:\\\/\\\/vinacyt.com\\\/en\\\/noticia\\\/excellence\\\/don-melchor-celebrates-its-35th-vintage-anniversary-in-costa-rica\\\/#primaryimage\",\"url\":\"https:\\\/\\\/vinacyt.com\\\/content\\\/uploads\\\/2024\\\/10\\\/melchor-1-960.png\",\"contentUrl\":\"https:\\\/\\\/vinacyt.com\\\/content\\\/uploads\\\/2024\\\/10\\\/melchor-1-960.png\",\"width\":960,\"height\":540},{\"@type\":\"BreadcrumbList\",\"@id\":\"https:\\\/\\\/vinacyt.com\\\/en\\\/noticia\\\/excellence\\\/don-melchor-celebrates-its-35th-vintage-anniversary-in-costa-rica\\\/#breadcrumb\",\"itemListElement\":[{\"@type\":\"ListItem\",\"position\":1,\"name\":\"Home\",\"item\":\"https:\\\/\\\/vinacyt.com\\\/en\\\/\"},{\"@type\":\"ListItem\",\"position\":2,\"name\":\"Don Melchor celebrates its 35th vintage anniversary in Costa Rica\"}]},{\"@type\":\"WebSite\",\"@id\":\"https:\\\/\\\/vinacyt.com\\\/en\\\/#website\",\"url\":\"https:\\\/\\\/vinacyt.com\\\/en\\\/\",\"name\":\"Vi\u00f1a Concha y Toro\",\"description\":\"Vi\u00f1a Concha y Toro se ha convertido en el principal productor de vinos de Latinoam\u00e9rica con una destacada posici\u00f3n entre las compa\u00f1\u00edas de vino m\u00e1s importantes del mundo y con presencia en m\u00e1s de 130 pa\u00edses\",\"potentialAction\":[{\"@type\":\"SearchAction\",\"target\":{\"@type\":\"EntryPoint\",\"urlTemplate\":\"https:\\\/\\\/vinacyt.com\\\/en\\\/?s={search_term_string}\"},\"query-input\":{\"@type\":\"PropertyValueSpecification\",\"valueRequired\":true,\"valueName\":\"search_term_string\"}}],\"inLanguage\":\"en-US\"},{\"@type\":\"Person\",\"@id\":\"https:\\\/\\\/vinacyt.com\\\/en\\\/#\\\/schema\\\/person\\\/f5a48fd35f8dea0345c3996f294bc715\",\"name\":\"Natalia Gonz\u00e1lez\",\"image\":{\"@type\":\"ImageObject\",\"inLanguage\":\"en-US\",\"@id\":\"https:\\\/\\\/secure.gravatar.com\\\/avatar\\\/d9e0df5923eee13306f5a7836e954a46492d56c8b91345f031f3f5eaca5cec91?s=96&d=mm&r=g\",\"url\":\"https:\\\/\\\/secure.gravatar.com\\\/avatar\\\/d9e0df5923eee13306f5a7836e954a46492d56c8b91345f031f3f5eaca5cec91?s=96&d=mm&r=g\",\"contentUrl\":\"https:\\\/\\\/secure.gravatar.com\\\/avatar\\\/d9e0df5923eee13306f5a7836e954a46492d56c8b91345f031f3f5eaca5cec91?s=96&d=mm&r=g\",\"caption\":\"Natalia Gonz\u00e1lez\"},\"url\":\"https:\\\/\\\/vinacyt.com\\\/en\\\/noticia\\\/author\\\/natalia-gonzalezconchaytoro-cl\\\/\"}]}<\/script>\n<!-- \/ Yoast SEO plugin. -->","yoast_head_json":{"title":"Don Melchor celebrates its 35th vintage anniversary in Costa Rica - Vi\u00f1a Concha y Toro","robots":{"index":"index","follow":"follow","max-snippet":"max-snippet:-1","max-image-preview":"max-image-preview:large","max-video-preview":"max-video-preview:-1"},"canonical":"https:\/\/vinacyt.com\/en\/noticia\/excellence\/don-melchor-celebrates-its-35th-vintage-anniversary-in-costa-rica\/","og_locale":"en_US","og_type":"article","og_title":"Don Melchor celebrates its 35th vintage anniversary in Costa Rica - Vi\u00f1a Concha y Toro","og_description":"Through four events with the press, consumers, and key accounts, Vi\u00f1a Don Melchor celebrated the launch of the 35th harvest of the iconic Puente Alto Cabernet Sauvignon, Don Melchor. As part of the global roadshow to commemorate the 35th vintage anniversary in its key markets, a series of events were held in Costa Rica aimed [&hellip;]","og_url":"https:\/\/vinacyt.com\/en\/noticia\/excellence\/don-melchor-celebrates-its-35th-vintage-anniversary-in-costa-rica\/","og_site_name":"Vi\u00f1a Concha y Toro","article_published_time":"2024-09-16T13:39:59+00:00","article_modified_time":"2024-10-08T13:41:01+00:00","og_image":[{"width":960,"height":540,"url":"https:\/\/vinacyt.com\/content\/uploads\/2024\/10\/melchor-1-960.png","type":"image\/png"}],"author":"Natalia Gonz\u00e1lez","twitter_card":"summary_large_image","twitter_misc":{"Written by":"Natalia Gonz\u00e1lez","Est. reading time":"2 minutes"},"schema":{"@context":"https:\/\/schema.org","@graph":[{"@type":"Article","@id":"https:\/\/vinacyt.com\/en\/noticia\/excellence\/don-melchor-celebrates-its-35th-vintage-anniversary-in-costa-rica\/#article","isPartOf":{"@id":"https:\/\/vinacyt.com\/en\/noticia\/excellence\/don-melchor-celebrates-its-35th-vintage-anniversary-in-costa-rica\/"},"author":{"name":"Natalia Gonz\u00e1lez","@id":"https:\/\/vinacyt.com\/en\/#\/schema\/person\/f5a48fd35f8dea0345c3996f294bc715"},"headline":"Don Melchor celebrates its 35th vintage anniversary in Costa Rica","datePublished":"2024-09-16T13:39:59+00:00","dateModified":"2024-10-08T13:41:01+00:00","mainEntityOfPage":{"@id":"https:\/\/vinacyt.com\/en\/noticia\/excellence\/don-melchor-celebrates-its-35th-vintage-anniversary-in-costa-rica\/"},"wordCount":255,"image":{"@id":"https:\/\/vinacyt.com\/en\/noticia\/excellence\/don-melchor-celebrates-its-35th-vintage-anniversary-in-costa-rica\/#primaryimage"},"thumbnailUrl":"https:\/\/vinacyt.com\/content\/uploads\/2024\/10\/melchor-1-960.png","articleSection":["Excellence"],"inLanguage":"en-US"},{"@type":"WebPage","@id":"https:\/\/vinacyt.com\/en\/noticia\/excellence\/don-melchor-celebrates-its-35th-vintage-anniversary-in-costa-rica\/","url":"https:\/\/vinacyt.com\/en\/noticia\/excellence\/don-melchor-celebrates-its-35th-vintage-anniversary-in-costa-rica\/","name":"Don Melchor celebrates its 35th vintage anniversary in Costa Rica - Vi\u00f1a Concha y Toro","isPartOf":{"@id":"https:\/\/vinacyt.com\/en\/#website"},"primaryImageOfPage":{"@id":"https:\/\/vinacyt.com\/en\/noticia\/excellence\/don-melchor-celebrates-its-35th-vintage-anniversary-in-costa-rica\/#primaryimage"},"image":{"@id":"https:\/\/vinacyt.com\/en\/noticia\/excellence\/don-melchor-celebrates-its-35th-vintage-anniversary-in-costa-rica\/#primaryimage"},"thumbnailUrl":"https:\/\/vinacyt.com\/content\/uploads\/2024\/10\/melchor-1-960.png","datePublished":"2024-09-16T13:39:59+00:00","dateModified":"2024-10-08T13:41:01+00:00","author":{"@id":"https:\/\/vinacyt.com\/en\/#\/schema\/person\/f5a48fd35f8dea0345c3996f294bc715"},"breadcrumb":{"@id":"https:\/\/vinacyt.com\/en\/noticia\/excellence\/don-melchor-celebrates-its-35th-vintage-anniversary-in-costa-rica\/#breadcrumb"},"inLanguage":"en-US","potentialAction":[{"@type":"ReadAction","target":["https:\/\/vinacyt.com\/en\/noticia\/excellence\/don-melchor-celebrates-its-35th-vintage-anniversary-in-costa-rica\/"]}]},{"@type":"ImageObject","inLanguage":"en-US","@id":"https:\/\/vinacyt.com\/en\/noticia\/excellence\/don-melchor-celebrates-its-35th-vintage-anniversary-in-costa-rica\/#primaryimage","url":"https:\/\/vinacyt.com\/content\/uploads\/2024\/10\/melchor-1-960.png","contentUrl":"https:\/\/vinacyt.com\/content\/uploads\/2024\/10\/melchor-1-960.png","width":960,"height":540},{"@type":"BreadcrumbList","@id":"https:\/\/vinacyt.com\/en\/noticia\/excellence\/don-melchor-celebrates-its-35th-vintage-anniversary-in-costa-rica\/#breadcrumb","itemListElement":[{"@type":"ListItem","position":1,"name":"Home","item":"https:\/\/vinacyt.com\/en\/"},{"@type":"ListItem","position":2,"name":"Don Melchor celebrates its 35th vintage anniversary in Costa Rica"}]},{"@type":"WebSite","@id":"https:\/\/vinacyt.com\/en\/#website","url":"https:\/\/vinacyt.com\/en\/","name":"Vi\u00f1a Concha y Toro","description":"Vi\u00f1a Concha y Toro se ha convertido en el principal productor de vinos de Latinoam\u00e9rica con una destacada posici\u00f3n entre las compa\u00f1\u00edas de vino m\u00e1s importantes del mundo y con presencia en m\u00e1s de 130 pa\u00edses","potentialAction":[{"@type":"SearchAction","target":{"@type":"EntryPoint","urlTemplate":"https:\/\/vinacyt.com\/en\/?s={search_term_string}"},"query-input":{"@type":"PropertyValueSpecification","valueRequired":true,"valueName":"search_term_string"}}],"inLanguage":"en-US"},{"@type":"Person","@id":"https:\/\/vinacyt.com\/en\/#\/schema\/person\/f5a48fd35f8dea0345c3996f294bc715","name":"Natalia Gonz\u00e1lez","image":{"@type":"ImageObject","inLanguage":"en-US","@id":"https:\/\/secure.gravatar.com\/avatar\/d9e0df5923eee13306f5a7836e954a46492d56c8b91345f031f3f5eaca5cec91?s=96&d=mm&r=g","url":"https:\/\/secure.gravatar.com\/avatar\/d9e0df5923eee13306f5a7836e954a46492d56c8b91345f031f3f5eaca5cec91?s=96&d=mm&r=g","contentUrl":"https:\/\/secure.gravatar.com\/avatar\/d9e0df5923eee13306f5a7836e954a46492d56c8b91345f031f3f5eaca5cec91?s=96&d=mm&r=g","caption":"Natalia Gonz\u00e1lez"},"url":"https:\/\/vinacyt.com\/en\/noticia\/author\/natalia-gonzalezconchaytoro-cl\/"}]}},"_links":{"self":[{"href":"https:\/\/vinacyt.com\/en\/wp-json\/wp\/v2\/posts\/44467","targetHints":{"allow":["GET"]}}],"collection":[{"href":"https:\/\/vinacyt.com\/en\/wp-json\/wp\/v2\/posts"}],"about":[{"href":"https:\/\/vinacyt.com\/en\/wp-json\/wp\/v2\/types\/post"}],"author":[{"embeddable":true,"href":"https:\/\/vinacyt.com\/en\/wp-json\/wp\/v2\/users\/6"}],"replies":[{"embeddable":true,"href":"https:\/\/vinacyt.com\/en\/wp-json\/wp\/v2\/comments?post=44467"}],"version-history":[{"count":0,"href":"https:\/\/vinacyt.com\/en\/wp-json\/wp\/v2\/posts\/44467\/revisions"}],"wp:featuredmedia":[{"embeddable":true,"href":"https:\/\/vinacyt.com\/en\/wp-json\/wp\/v2\/media\/44465"}],"wp:attachment":[{"href":"https:\/\/vinacyt.com\/en\/wp-json\/wp\/v2\/media?parent=44467"}],"wp:term":[{"taxonomy":"category","embeddable":true,"href":"https:\/\/vinacyt.com\/en\/wp-json\/wp\/v2\/categories?post=44467"},{"taxonomy":"post_tag","embeddable":true,"href":"https:\/\/vinacyt.com\/en\/wp-json\/wp\/v2\/tags?post=44467"}],"curies":[{"name":"wp","href":"https:\/\/api.w.org\/{rel}","templated":true}]}}