{"id":45632,"date":"2025-01-28T11:16:20","date_gmt":"2025-01-28T14:16:20","guid":{"rendered":"https:\/\/vinacyt.com\/?p=45632"},"modified":"2025-01-28T11:16:20","modified_gmt":"2025-01-28T14:16:20","slug":"vina-concha-y-toro-leads-the-removal-of-carbon-from-the-atmosphere-through-sustainable-practices","status":"publish","type":"post","link":"https:\/\/vinacyt.com\/en\/noticia\/sustainability\/vina-concha-y-toro-leads-the-removal-of-carbon-from-the-atmosphere-through-sustainable-practices\/","title":{"rendered":"Vi\u00f1a Concha y Toro leads the removal of carbon from the atmosphere through sustainable practices"},"content":{"rendered":"<p><strong><em>In the framework of the World CO2 Reduction Day, we present some of the initiatives present in the company, which seek to combat climate change.<\/em><\/strong><\/p>\n<p>Vi\u00f1a Concha y Toro reaffirms its commitment to sustainability by implementing atmospheric carbon removal strategies that take advantage of the company&#8217;s natural assets, such as forests, vineyards and soils. These initiatives, aligned with best regenerative practices, stand out as an exemplary model in the wine industry and follow international trends of giving nature a leading role in the fight against climate change.<\/p>\n<p><strong>Carbon Capture and Regenerative Practices<\/strong><\/p>\n<p>Currently, 100% of Vi\u00f1a Concha y Toro&#8217;s agricultural land is managed under regenerative practices that improve soil health, increase biodiversity and promote carbon sequestration. These practices have enabled the company to measure, from 2022, the annual carbon capture in its native forests, achieving more than 15 thousand tons of CO2 equivalent (CO2e). This figure fully offsets the emissions generated by its agricultural operations.<\/p>\n<p>In addition, since the beginning of its afforestation program, the company has planted more than 25 thousand native trees and aims to reach 30 thousand by 2025. This effort not only contributes to carbon sequestration, but also to the strengthening of local ecosystems.<\/p>\n<p><strong>Protection of Native Forests and Biodiversity<\/strong><\/p>\n<p>Vi\u00f1a Concha y Toro protects 4,272 hectares of native forest certified under the international standard FSC \u00ae (Forest Stewardship Council). These forests play a crucial role in the regulation of the water cycle, carbon sequestration and the preservation of essential habitats for biodiversity. As part of its commitment to local communities, the company collaborates with the National Forestry Corporation (CONAF) to give talks on forest care and forest fire prevention.<\/p>\n<p><strong>Monitoring and Progress<\/strong><\/p>\n<p>The winery has incorporated advanced technologies, such as environmental DNA analysis, to monitor biodiversity at its key properties, including the Santa Raquel and Palo Santo estates. This scientific approach allows the winery to assess the positive impact of its regenerative practices and ensure the health of the ecosystems.<\/p>\n<p>In 2023, 18,000 native trees were propagated in the company&#8217;s own nurseries, reinforcing the company&#8217;s commitment to reforestation and ecological restoration. Biodiversity monitoring conducted twice a year at its properties continues to generate valuable information for the continuous improvement of its environmental initiatives.<\/p>\n<p><strong>Commitment to a Better Future<\/strong><\/p>\n<p>With these actions, which are embodied in the Corporate Sustainability Strategy &#8211; Uncork a Better Future, Vi\u00f1a Concha y Toro not only mitigates its carbon footprint, but also actively contributes to the regeneration of ecosystems. This comprehensive and sustainable approach positions the company as a leader in the fight against climate change within the wine industry.<\/p>\n","protected":false},"excerpt":{"rendered":"<p>In the framework of the World CO2 Reduction Day, we present some of the initiatives present in the company, which seek to combat climate change. Vi\u00f1a Concha y Toro reaffirms its commitment to sustainability by implementing atmospheric carbon removal strategies that take advantage of the company&#8217;s natural assets, such as forests, vineyards and soils. These [&hellip;]<\/p>\n","protected":false},"author":6,"featured_media":45630,"comment_status":"closed","ping_status":"closed","sticky":false,"template":"","format":"standard","meta":{"_acf_changed":false,"_monsterinsights_skip_tracking":false,"_monsterinsights_sitenote_active":false,"_monsterinsights_sitenote_note":"","_monsterinsights_sitenote_category":0,"footnotes":""},"categories":[42],"tags":[],"class_list":["post-45632","post","type-post","status-publish","format-standard","has-post-thumbnail","hentry","category-sustainability"],"acf":[],"yoast_head":"<!-- This site is optimized with the Yoast SEO plugin v27.4 - https:\/\/yoast.com\/product\/yoast-seo-wordpress\/ -->\n<title>Vi\u00f1a Concha y Toro leads the removal of carbon from the atmosphere through sustainable practices - Vi\u00f1a Concha y Toro<\/title>\n<meta name=\"robots\" content=\"index, follow, max-snippet:-1, max-image-preview:large, max-video-preview:-1\" \/>\n<link rel=\"canonical\" href=\"https:\/\/vinacyt.com\/en\/noticia\/sustainability\/vina-concha-y-toro-leads-the-removal-of-carbon-from-the-atmosphere-through-sustainable-practices\/\" \/>\n<meta property=\"og:locale\" content=\"en_US\" \/>\n<meta property=\"og:type\" content=\"article\" \/>\n<meta property=\"og:title\" content=\"Vi\u00f1a Concha y Toro leads the removal of carbon from the atmosphere through sustainable practices - Vi\u00f1a Concha y Toro\" \/>\n<meta property=\"og:description\" content=\"In the framework of the World CO2 Reduction Day, we present some of the initiatives present in the company, which seek to combat climate change. Vi\u00f1a Concha y Toro reaffirms its commitment to sustainability by implementing atmospheric carbon removal strategies that take advantage of the company&#8217;s natural assets, such as forests, vineyards and soils. These [&hellip;]\" \/>\n<meta property=\"og:url\" content=\"https:\/\/vinacyt.com\/en\/noticia\/sustainability\/vina-concha-y-toro-leads-the-removal-of-carbon-from-the-atmosphere-through-sustainable-practices\/\" \/>\n<meta property=\"og:site_name\" content=\"Vi\u00f1a Concha y Toro\" \/>\n<meta property=\"article:published_time\" content=\"2025-01-28T14:16:20+00:00\" \/>\n<meta property=\"og:image\" content=\"https:\/\/vinacyt.com\/content\/uploads\/2025\/01\/co2-960.png\" \/>\n\t<meta property=\"og:image:width\" content=\"960\" \/>\n\t<meta property=\"og:image:height\" content=\"540\" \/>\n\t<meta property=\"og:image:type\" content=\"image\/png\" \/>\n<meta name=\"author\" content=\"Natalia Gonz\u00e1lez\" \/>\n<meta name=\"twitter:card\" content=\"summary_large_image\" \/>\n<meta name=\"twitter:label1\" content=\"Written by\" \/>\n\t<meta name=\"twitter:data1\" content=\"Natalia Gonz\u00e1lez\" \/>\n\t<meta name=\"twitter:label2\" content=\"Est. reading time\" \/>\n\t<meta name=\"twitter:data2\" content=\"3 minutes\" \/>\n<script type=\"application\/ld+json\" class=\"yoast-schema-graph\">{\"@context\":\"https:\\\/\\\/schema.org\",\"@graph\":[{\"@type\":\"Article\",\"@id\":\"https:\\\/\\\/vinacyt.com\\\/en\\\/noticia\\\/sustainability\\\/vina-concha-y-toro-leads-the-removal-of-carbon-from-the-atmosphere-through-sustainable-practices\\\/#article\",\"isPartOf\":{\"@id\":\"https:\\\/\\\/vinacyt.com\\\/en\\\/noticia\\\/sustainability\\\/vina-concha-y-toro-leads-the-removal-of-carbon-from-the-atmosphere-through-sustainable-practices\\\/\"},\"author\":{\"name\":\"Natalia Gonz\u00e1lez\",\"@id\":\"https:\\\/\\\/vinacyt.com\\\/en\\\/#\\\/schema\\\/person\\\/f5a48fd35f8dea0345c3996f294bc715\"},\"headline\":\"Vi\u00f1a Concha y Toro leads the removal of carbon from the atmosphere through sustainable practices\",\"datePublished\":\"2025-01-28T14:16:20+00:00\",\"mainEntityOfPage\":{\"@id\":\"https:\\\/\\\/vinacyt.com\\\/en\\\/noticia\\\/sustainability\\\/vina-concha-y-toro-leads-the-removal-of-carbon-from-the-atmosphere-through-sustainable-practices\\\/\"},\"wordCount\":440,\"image\":{\"@id\":\"https:\\\/\\\/vinacyt.com\\\/en\\\/noticia\\\/sustainability\\\/vina-concha-y-toro-leads-the-removal-of-carbon-from-the-atmosphere-through-sustainable-practices\\\/#primaryimage\"},\"thumbnailUrl\":\"https:\\\/\\\/vinacyt.com\\\/content\\\/uploads\\\/2025\\\/01\\\/co2-960.png\",\"articleSection\":[\"Sustainability\"],\"inLanguage\":\"en-US\"},{\"@type\":\"WebPage\",\"@id\":\"https:\\\/\\\/vinacyt.com\\\/en\\\/noticia\\\/sustainability\\\/vina-concha-y-toro-leads-the-removal-of-carbon-from-the-atmosphere-through-sustainable-practices\\\/\",\"url\":\"https:\\\/\\\/vinacyt.com\\\/en\\\/noticia\\\/sustainability\\\/vina-concha-y-toro-leads-the-removal-of-carbon-from-the-atmosphere-through-sustainable-practices\\\/\",\"name\":\"Vi\u00f1a Concha y Toro leads the removal of carbon from the atmosphere through sustainable practices - Vi\u00f1a Concha y Toro\",\"isPartOf\":{\"@id\":\"https:\\\/\\\/vinacyt.com\\\/en\\\/#website\"},\"primaryImageOfPage\":{\"@id\":\"https:\\\/\\\/vinacyt.com\\\/en\\\/noticia\\\/sustainability\\\/vina-concha-y-toro-leads-the-removal-of-carbon-from-the-atmosphere-through-sustainable-practices\\\/#primaryimage\"},\"image\":{\"@id\":\"https:\\\/\\\/vinacyt.com\\\/en\\\/noticia\\\/sustainability\\\/vina-concha-y-toro-leads-the-removal-of-carbon-from-the-atmosphere-through-sustainable-practices\\\/#primaryimage\"},\"thumbnailUrl\":\"https:\\\/\\\/vinacyt.com\\\/content\\\/uploads\\\/2025\\\/01\\\/co2-960.png\",\"datePublished\":\"2025-01-28T14:16:20+00:00\",\"author\":{\"@id\":\"https:\\\/\\\/vinacyt.com\\\/en\\\/#\\\/schema\\\/person\\\/f5a48fd35f8dea0345c3996f294bc715\"},\"breadcrumb\":{\"@id\":\"https:\\\/\\\/vinacyt.com\\\/en\\\/noticia\\\/sustainability\\\/vina-concha-y-toro-leads-the-removal-of-carbon-from-the-atmosphere-through-sustainable-practices\\\/#breadcrumb\"},\"inLanguage\":\"en-US\",\"potentialAction\":[{\"@type\":\"ReadAction\",\"target\":[\"https:\\\/\\\/vinacyt.com\\\/en\\\/noticia\\\/sustainability\\\/vina-concha-y-toro-leads-the-removal-of-carbon-from-the-atmosphere-through-sustainable-practices\\\/\"]}]},{\"@type\":\"ImageObject\",\"inLanguage\":\"en-US\",\"@id\":\"https:\\\/\\\/vinacyt.com\\\/en\\\/noticia\\\/sustainability\\\/vina-concha-y-toro-leads-the-removal-of-carbon-from-the-atmosphere-through-sustainable-practices\\\/#primaryimage\",\"url\":\"https:\\\/\\\/vinacyt.com\\\/content\\\/uploads\\\/2025\\\/01\\\/co2-960.png\",\"contentUrl\":\"https:\\\/\\\/vinacyt.com\\\/content\\\/uploads\\\/2025\\\/01\\\/co2-960.png\",\"width\":960,\"height\":540},{\"@type\":\"BreadcrumbList\",\"@id\":\"https:\\\/\\\/vinacyt.com\\\/en\\\/noticia\\\/sustainability\\\/vina-concha-y-toro-leads-the-removal-of-carbon-from-the-atmosphere-through-sustainable-practices\\\/#breadcrumb\",\"itemListElement\":[{\"@type\":\"ListItem\",\"position\":1,\"name\":\"Home\",\"item\":\"https:\\\/\\\/vinacyt.com\\\/en\\\/\"},{\"@type\":\"ListItem\",\"position\":2,\"name\":\"Vi\u00f1a Concha y Toro leads the removal of carbon from the atmosphere through sustainable practices\"}]},{\"@type\":\"WebSite\",\"@id\":\"https:\\\/\\\/vinacyt.com\\\/en\\\/#website\",\"url\":\"https:\\\/\\\/vinacyt.com\\\/en\\\/\",\"name\":\"Vi\u00f1a Concha y Toro\",\"description\":\"Vi\u00f1a Concha y Toro se ha convertido en el principal productor de vinos de Latinoam\u00e9rica con una destacada posici\u00f3n entre las compa\u00f1\u00edas de vino m\u00e1s importantes del mundo y con presencia en m\u00e1s de 130 pa\u00edses\",\"potentialAction\":[{\"@type\":\"SearchAction\",\"target\":{\"@type\":\"EntryPoint\",\"urlTemplate\":\"https:\\\/\\\/vinacyt.com\\\/en\\\/?s={search_term_string}\"},\"query-input\":{\"@type\":\"PropertyValueSpecification\",\"valueRequired\":true,\"valueName\":\"search_term_string\"}}],\"inLanguage\":\"en-US\"},{\"@type\":\"Person\",\"@id\":\"https:\\\/\\\/vinacyt.com\\\/en\\\/#\\\/schema\\\/person\\\/f5a48fd35f8dea0345c3996f294bc715\",\"name\":\"Natalia Gonz\u00e1lez\",\"image\":{\"@type\":\"ImageObject\",\"inLanguage\":\"en-US\",\"@id\":\"https:\\\/\\\/secure.gravatar.com\\\/avatar\\\/d9e0df5923eee13306f5a7836e954a46492d56c8b91345f031f3f5eaca5cec91?s=96&d=mm&r=g\",\"url\":\"https:\\\/\\\/secure.gravatar.com\\\/avatar\\\/d9e0df5923eee13306f5a7836e954a46492d56c8b91345f031f3f5eaca5cec91?s=96&d=mm&r=g\",\"contentUrl\":\"https:\\\/\\\/secure.gravatar.com\\\/avatar\\\/d9e0df5923eee13306f5a7836e954a46492d56c8b91345f031f3f5eaca5cec91?s=96&d=mm&r=g\",\"caption\":\"Natalia Gonz\u00e1lez\"},\"url\":\"https:\\\/\\\/vinacyt.com\\\/en\\\/noticia\\\/author\\\/natalia-gonzalezconchaytoro-cl\\\/\"}]}<\/script>\n<!-- \/ Yoast SEO plugin. -->","yoast_head_json":{"title":"Vi\u00f1a Concha y Toro leads the removal of carbon from the atmosphere through sustainable practices - Vi\u00f1a Concha y Toro","robots":{"index":"index","follow":"follow","max-snippet":"max-snippet:-1","max-image-preview":"max-image-preview:large","max-video-preview":"max-video-preview:-1"},"canonical":"https:\/\/vinacyt.com\/en\/noticia\/sustainability\/vina-concha-y-toro-leads-the-removal-of-carbon-from-the-atmosphere-through-sustainable-practices\/","og_locale":"en_US","og_type":"article","og_title":"Vi\u00f1a Concha y Toro leads the removal of carbon from the atmosphere through sustainable practices - Vi\u00f1a Concha y Toro","og_description":"In the framework of the World CO2 Reduction Day, we present some of the initiatives present in the company, which seek to combat climate change. Vi\u00f1a Concha y Toro reaffirms its commitment to sustainability by implementing atmospheric carbon removal strategies that take advantage of the company&#8217;s natural assets, such as forests, vineyards and soils. These [&hellip;]","og_url":"https:\/\/vinacyt.com\/en\/noticia\/sustainability\/vina-concha-y-toro-leads-the-removal-of-carbon-from-the-atmosphere-through-sustainable-practices\/","og_site_name":"Vi\u00f1a Concha y Toro","article_published_time":"2025-01-28T14:16:20+00:00","og_image":[{"width":960,"height":540,"url":"https:\/\/vinacyt.com\/content\/uploads\/2025\/01\/co2-960.png","type":"image\/png"}],"author":"Natalia Gonz\u00e1lez","twitter_card":"summary_large_image","twitter_misc":{"Written by":"Natalia Gonz\u00e1lez","Est. reading time":"3 minutes"},"schema":{"@context":"https:\/\/schema.org","@graph":[{"@type":"Article","@id":"https:\/\/vinacyt.com\/en\/noticia\/sustainability\/vina-concha-y-toro-leads-the-removal-of-carbon-from-the-atmosphere-through-sustainable-practices\/#article","isPartOf":{"@id":"https:\/\/vinacyt.com\/en\/noticia\/sustainability\/vina-concha-y-toro-leads-the-removal-of-carbon-from-the-atmosphere-through-sustainable-practices\/"},"author":{"name":"Natalia Gonz\u00e1lez","@id":"https:\/\/vinacyt.com\/en\/#\/schema\/person\/f5a48fd35f8dea0345c3996f294bc715"},"headline":"Vi\u00f1a Concha y Toro leads the removal of carbon from the atmosphere through sustainable practices","datePublished":"2025-01-28T14:16:20+00:00","mainEntityOfPage":{"@id":"https:\/\/vinacyt.com\/en\/noticia\/sustainability\/vina-concha-y-toro-leads-the-removal-of-carbon-from-the-atmosphere-through-sustainable-practices\/"},"wordCount":440,"image":{"@id":"https:\/\/vinacyt.com\/en\/noticia\/sustainability\/vina-concha-y-toro-leads-the-removal-of-carbon-from-the-atmosphere-through-sustainable-practices\/#primaryimage"},"thumbnailUrl":"https:\/\/vinacyt.com\/content\/uploads\/2025\/01\/co2-960.png","articleSection":["Sustainability"],"inLanguage":"en-US"},{"@type":"WebPage","@id":"https:\/\/vinacyt.com\/en\/noticia\/sustainability\/vina-concha-y-toro-leads-the-removal-of-carbon-from-the-atmosphere-through-sustainable-practices\/","url":"https:\/\/vinacyt.com\/en\/noticia\/sustainability\/vina-concha-y-toro-leads-the-removal-of-carbon-from-the-atmosphere-through-sustainable-practices\/","name":"Vi\u00f1a Concha y Toro leads the removal of carbon from the atmosphere through sustainable practices - Vi\u00f1a Concha y Toro","isPartOf":{"@id":"https:\/\/vinacyt.com\/en\/#website"},"primaryImageOfPage":{"@id":"https:\/\/vinacyt.com\/en\/noticia\/sustainability\/vina-concha-y-toro-leads-the-removal-of-carbon-from-the-atmosphere-through-sustainable-practices\/#primaryimage"},"image":{"@id":"https:\/\/vinacyt.com\/en\/noticia\/sustainability\/vina-concha-y-toro-leads-the-removal-of-carbon-from-the-atmosphere-through-sustainable-practices\/#primaryimage"},"thumbnailUrl":"https:\/\/vinacyt.com\/content\/uploads\/2025\/01\/co2-960.png","datePublished":"2025-01-28T14:16:20+00:00","author":{"@id":"https:\/\/vinacyt.com\/en\/#\/schema\/person\/f5a48fd35f8dea0345c3996f294bc715"},"breadcrumb":{"@id":"https:\/\/vinacyt.com\/en\/noticia\/sustainability\/vina-concha-y-toro-leads-the-removal-of-carbon-from-the-atmosphere-through-sustainable-practices\/#breadcrumb"},"inLanguage":"en-US","potentialAction":[{"@type":"ReadAction","target":["https:\/\/vinacyt.com\/en\/noticia\/sustainability\/vina-concha-y-toro-leads-the-removal-of-carbon-from-the-atmosphere-through-sustainable-practices\/"]}]},{"@type":"ImageObject","inLanguage":"en-US","@id":"https:\/\/vinacyt.com\/en\/noticia\/sustainability\/vina-concha-y-toro-leads-the-removal-of-carbon-from-the-atmosphere-through-sustainable-practices\/#primaryimage","url":"https:\/\/vinacyt.com\/content\/uploads\/2025\/01\/co2-960.png","contentUrl":"https:\/\/vinacyt.com\/content\/uploads\/2025\/01\/co2-960.png","width":960,"height":540},{"@type":"BreadcrumbList","@id":"https:\/\/vinacyt.com\/en\/noticia\/sustainability\/vina-concha-y-toro-leads-the-removal-of-carbon-from-the-atmosphere-through-sustainable-practices\/#breadcrumb","itemListElement":[{"@type":"ListItem","position":1,"name":"Home","item":"https:\/\/vinacyt.com\/en\/"},{"@type":"ListItem","position":2,"name":"Vi\u00f1a Concha y Toro leads the removal of carbon from the atmosphere through sustainable practices"}]},{"@type":"WebSite","@id":"https:\/\/vinacyt.com\/en\/#website","url":"https:\/\/vinacyt.com\/en\/","name":"Vi\u00f1a Concha y Toro","description":"Vi\u00f1a Concha y Toro se ha convertido en el principal productor de vinos de Latinoam\u00e9rica con una destacada posici\u00f3n entre las compa\u00f1\u00edas de vino m\u00e1s importantes del mundo y con presencia en m\u00e1s de 130 pa\u00edses","potentialAction":[{"@type":"SearchAction","target":{"@type":"EntryPoint","urlTemplate":"https:\/\/vinacyt.com\/en\/?s={search_term_string}"},"query-input":{"@type":"PropertyValueSpecification","valueRequired":true,"valueName":"search_term_string"}}],"inLanguage":"en-US"},{"@type":"Person","@id":"https:\/\/vinacyt.com\/en\/#\/schema\/person\/f5a48fd35f8dea0345c3996f294bc715","name":"Natalia Gonz\u00e1lez","image":{"@type":"ImageObject","inLanguage":"en-US","@id":"https:\/\/secure.gravatar.com\/avatar\/d9e0df5923eee13306f5a7836e954a46492d56c8b91345f031f3f5eaca5cec91?s=96&d=mm&r=g","url":"https:\/\/secure.gravatar.com\/avatar\/d9e0df5923eee13306f5a7836e954a46492d56c8b91345f031f3f5eaca5cec91?s=96&d=mm&r=g","contentUrl":"https:\/\/secure.gravatar.com\/avatar\/d9e0df5923eee13306f5a7836e954a46492d56c8b91345f031f3f5eaca5cec91?s=96&d=mm&r=g","caption":"Natalia Gonz\u00e1lez"},"url":"https:\/\/vinacyt.com\/en\/noticia\/author\/natalia-gonzalezconchaytoro-cl\/"}]}},"_links":{"self":[{"href":"https:\/\/vinacyt.com\/en\/wp-json\/wp\/v2\/posts\/45632","targetHints":{"allow":["GET"]}}],"collection":[{"href":"https:\/\/vinacyt.com\/en\/wp-json\/wp\/v2\/posts"}],"about":[{"href":"https:\/\/vinacyt.com\/en\/wp-json\/wp\/v2\/types\/post"}],"author":[{"embeddable":true,"href":"https:\/\/vinacyt.com\/en\/wp-json\/wp\/v2\/users\/6"}],"replies":[{"embeddable":true,"href":"https:\/\/vinacyt.com\/en\/wp-json\/wp\/v2\/comments?post=45632"}],"version-history":[{"count":0,"href":"https:\/\/vinacyt.com\/en\/wp-json\/wp\/v2\/posts\/45632\/revisions"}],"wp:featuredmedia":[{"embeddable":true,"href":"https:\/\/vinacyt.com\/en\/wp-json\/wp\/v2\/media\/45630"}],"wp:attachment":[{"href":"https:\/\/vinacyt.com\/en\/wp-json\/wp\/v2\/media?parent=45632"}],"wp:term":[{"taxonomy":"category","embeddable":true,"href":"https:\/\/vinacyt.com\/en\/wp-json\/wp\/v2\/categories?post=45632"},{"taxonomy":"post_tag","embeddable":true,"href":"https:\/\/vinacyt.com\/en\/wp-json\/wp\/v2\/tags?post=45632"}],"curies":[{"name":"wp","href":"https:\/\/api.w.org\/{rel}","templated":true}]}}