{"id":47161,"date":"2026-04-27T12:52:30","date_gmt":"2026-04-27T16:52:30","guid":{"rendered":"https:\/\/vinacyt.com\/?p=47161"},"modified":"2026-04-27T12:52:30","modified_gmt":"2026-04-27T16:52:30","slug":"a-new-origin-joins-the-family-of-wineries-vina-concha-y-toro-welcomes-maison-mirabeau","status":"publish","type":"post","link":"https:\/\/vinacyt.com\/en\/noticia\/excellence\/a-new-origin-joins-the-family-of-wineries-vina-concha-y-toro-welcomes-maison-mirabeau\/","title":{"rendered":"A new origin joins the Family of Wineries: Vi\u00f1a Concha y Toro welcomes Maison Mirabeau"},"content":{"rendered":"<p data-start=\"0\" data-end=\"156\"><em>In April, the founders of the French winery Maison Mirabeau visited Argentina and Chile, marking the beginning of the integration between the two companies.<\/em><\/p>\n<p data-start=\"158\" data-end=\"546\">Vi\u00f1a Concha y Toro welcomed Jeany and Stephen Cronk, founders of Maison Mirabeau, in April for a visit aimed at deepening the integration between the two companies following the acquisition of the leading ros\u00e9 wine brand from Provence, France. For three days, the founders of the French brand visited Vi\u00f1a Concha y Toro\u2019s main properties, attractions, and projects in Chile and Argentina.<\/p>\n<p data-start=\"548\" data-end=\"935\"><em>\u201cTheir brand, recognized among the most highly valued in the French ros\u00e9 category, opens the door to a new and highly relevant origin and, above all, brings us together with Maison Mirabeau, with whom we share a common vision for the wine industry\u2014deeply committed to sustainability and respect for the environment,\u201d<\/em> highlighted Eduardo Guilisasti, General Manager of Vi\u00f1a Concha y Toro.<\/p>\n<p data-start=\"937\" data-end=\"1197\"><em>\u201cWe bring to Vi\u00f1a Concha y Toro\u2019s portfolio a specialization in ros\u00e9 within an accessible and premium segment that they want to develop and serve. And we are the first European winery in their family of wineries, which is also very exciting,\u201d<\/em> said Jeany Cronk.<\/p>\n<p data-start=\"1199\" data-end=\"1715\">The visit began at Trivento, where Stephen Cronk toured the main facilities of the Argentine subsidiary. In Chile, both Jeany and Stephen had the opportunity to visit Almaviva in Puente Alto and Casa Don Melchor in Pirque, two icons of high-end Chilean viticulture; the innovative Concha y Toro Wine Center; the production plant and distribution center located in Vespucio; as well as the Research and Innovation Center and Vi\u00f1a Cono Sur in Chimbarongo, a benchmark for innovation and sustainability in the industry.<\/p>\n<p data-start=\"1717\" data-end=\"2106\">Mirabeau, founded in 2010, has established itself as one of the leading ros\u00e9 brands from Provence, with a strong presence in the United Kingdom, Europe, and global markets. Its addition to Vi\u00f1a Concha y Toro\u2019s portfolio\u2014which already includes vineyards in Chile, Argentina, California, and Mexico\u2014adds France as a new prestigious origin, in line with the company\u2019s premiumization strategy.<\/p>\n<p data-start=\"2108\" data-end=\"2417\" data-is-last-node=\"\" data-is-only-node=\"\">Both companies also share a strong commitment to sustainability: both are certified B Corporations, and Maison Mirabeau was the first vineyard in France to obtain Regenerative Organic Certified certification, a distinction also awarded to Bonterra Organic Estates, Vi\u00f1a Concha y Toro\u2019s Californian subsidiary.<\/p>\n","protected":false},"excerpt":{"rendered":"<p>In April, the founders of the French winery Maison Mirabeau visited Argentina and Chile, marking the beginning of the integration between the two companies. Vi\u00f1a Concha y Toro welcomed Jeany and Stephen Cronk, founders of Maison Mirabeau, in April for a visit aimed at deepening the integration between the two companies following the acquisition of [&hellip;]<\/p>\n","protected":false},"author":10,"featured_media":47159,"comment_status":"closed","ping_status":"closed","sticky":false,"template":"","format":"standard","meta":{"_acf_changed":false,"_monsterinsights_skip_tracking":false,"_monsterinsights_sitenote_active":false,"_monsterinsights_sitenote_note":"","_monsterinsights_sitenote_category":0,"footnotes":""},"categories":[80],"tags":[],"class_list":["post-47161","post","type-post","status-publish","format-standard","has-post-thumbnail","hentry","category-excellence"],"acf":[],"yoast_head":"<!-- This site is optimized with the Yoast SEO plugin v27.4 - https:\/\/yoast.com\/product\/yoast-seo-wordpress\/ -->\n<title>A new origin joins the Family of Wineries: Vi\u00f1a Concha y Toro welcomes Maison Mirabeau - Vi\u00f1a Concha y Toro<\/title>\n<meta name=\"robots\" content=\"index, follow, max-snippet:-1, max-image-preview:large, max-video-preview:-1\" \/>\n<link rel=\"canonical\" href=\"https:\/\/vinacyt.com\/en\/noticia\/excellence\/a-new-origin-joins-the-family-of-wineries-vina-concha-y-toro-welcomes-maison-mirabeau\/\" \/>\n<meta property=\"og:locale\" content=\"en_US\" \/>\n<meta property=\"og:type\" content=\"article\" \/>\n<meta property=\"og:title\" content=\"A new origin joins the Family of Wineries: Vi\u00f1a Concha y Toro welcomes Maison Mirabeau - Vi\u00f1a Concha y Toro\" \/>\n<meta property=\"og:description\" content=\"In April, the founders of the French winery Maison Mirabeau visited Argentina and Chile, marking the beginning of the integration between the two companies. Vi\u00f1a Concha y Toro welcomed Jeany and Stephen Cronk, founders of Maison Mirabeau, in April for a visit aimed at deepening the integration between the two companies following the acquisition of [&hellip;]\" \/>\n<meta property=\"og:url\" content=\"https:\/\/vinacyt.com\/en\/noticia\/excellence\/a-new-origin-joins-the-family-of-wineries-vina-concha-y-toro-welcomes-maison-mirabeau\/\" \/>\n<meta property=\"og:site_name\" content=\"Vi\u00f1a Concha y Toro\" \/>\n<meta property=\"article:published_time\" content=\"2026-04-27T16:52:30+00:00\" \/>\n<meta property=\"og:image\" content=\"https:\/\/vinacyt.com\/content\/uploads\/2026\/04\/domaine-mirabeau3-scaled.jpg\" \/>\n\t<meta property=\"og:image:width\" content=\"2560\" \/>\n\t<meta property=\"og:image:height\" content=\"1440\" \/>\n\t<meta property=\"og:image:type\" content=\"image\/jpeg\" \/>\n<meta name=\"author\" content=\"Trinidad de la Cerda\" \/>\n<meta name=\"twitter:card\" content=\"summary_large_image\" \/>\n<meta name=\"twitter:label1\" content=\"Written by\" \/>\n\t<meta name=\"twitter:data1\" content=\"Trinidad de la Cerda\" \/>\n\t<meta name=\"twitter:label2\" content=\"Est. reading time\" \/>\n\t<meta name=\"twitter:data2\" content=\"2 minutes\" \/>\n<script type=\"application\/ld+json\" class=\"yoast-schema-graph\">{\"@context\":\"https:\\\/\\\/schema.org\",\"@graph\":[{\"@type\":\"Article\",\"@id\":\"https:\\\/\\\/vinacyt.com\\\/en\\\/noticia\\\/excellence\\\/a-new-origin-joins-the-family-of-wineries-vina-concha-y-toro-welcomes-maison-mirabeau\\\/#article\",\"isPartOf\":{\"@id\":\"https:\\\/\\\/vinacyt.com\\\/en\\\/noticia\\\/excellence\\\/a-new-origin-joins-the-family-of-wineries-vina-concha-y-toro-welcomes-maison-mirabeau\\\/\"},\"author\":{\"name\":\"Trinidad de la Cerda\",\"@id\":\"https:\\\/\\\/vinacyt.com\\\/en\\\/#\\\/schema\\\/person\\\/4b2e2761e6e69f9702efc7e3897990b8\"},\"headline\":\"A new origin joins the Family of Wineries: Vi\u00f1a Concha y Toro welcomes Maison Mirabeau\",\"datePublished\":\"2026-04-27T16:52:30+00:00\",\"mainEntityOfPage\":{\"@id\":\"https:\\\/\\\/vinacyt.com\\\/en\\\/noticia\\\/excellence\\\/a-new-origin-joins-the-family-of-wineries-vina-concha-y-toro-welcomes-maison-mirabeau\\\/\"},\"wordCount\":405,\"image\":{\"@id\":\"https:\\\/\\\/vinacyt.com\\\/en\\\/noticia\\\/excellence\\\/a-new-origin-joins-the-family-of-wineries-vina-concha-y-toro-welcomes-maison-mirabeau\\\/#primaryimage\"},\"thumbnailUrl\":\"https:\\\/\\\/vinacyt.com\\\/content\\\/uploads\\\/2026\\\/04\\\/domaine-mirabeau3-scaled.jpg\",\"articleSection\":[\"Excellence\"],\"inLanguage\":\"en-US\"},{\"@type\":\"WebPage\",\"@id\":\"https:\\\/\\\/vinacyt.com\\\/en\\\/noticia\\\/excellence\\\/a-new-origin-joins-the-family-of-wineries-vina-concha-y-toro-welcomes-maison-mirabeau\\\/\",\"url\":\"https:\\\/\\\/vinacyt.com\\\/en\\\/noticia\\\/excellence\\\/a-new-origin-joins-the-family-of-wineries-vina-concha-y-toro-welcomes-maison-mirabeau\\\/\",\"name\":\"A new origin joins the Family of Wineries: Vi\u00f1a Concha y Toro welcomes Maison Mirabeau - Vi\u00f1a Concha y Toro\",\"isPartOf\":{\"@id\":\"https:\\\/\\\/vinacyt.com\\\/en\\\/#website\"},\"primaryImageOfPage\":{\"@id\":\"https:\\\/\\\/vinacyt.com\\\/en\\\/noticia\\\/excellence\\\/a-new-origin-joins-the-family-of-wineries-vina-concha-y-toro-welcomes-maison-mirabeau\\\/#primaryimage\"},\"image\":{\"@id\":\"https:\\\/\\\/vinacyt.com\\\/en\\\/noticia\\\/excellence\\\/a-new-origin-joins-the-family-of-wineries-vina-concha-y-toro-welcomes-maison-mirabeau\\\/#primaryimage\"},\"thumbnailUrl\":\"https:\\\/\\\/vinacyt.com\\\/content\\\/uploads\\\/2026\\\/04\\\/domaine-mirabeau3-scaled.jpg\",\"datePublished\":\"2026-04-27T16:52:30+00:00\",\"author\":{\"@id\":\"https:\\\/\\\/vinacyt.com\\\/en\\\/#\\\/schema\\\/person\\\/4b2e2761e6e69f9702efc7e3897990b8\"},\"breadcrumb\":{\"@id\":\"https:\\\/\\\/vinacyt.com\\\/en\\\/noticia\\\/excellence\\\/a-new-origin-joins-the-family-of-wineries-vina-concha-y-toro-welcomes-maison-mirabeau\\\/#breadcrumb\"},\"inLanguage\":\"en-US\",\"potentialAction\":[{\"@type\":\"ReadAction\",\"target\":[\"https:\\\/\\\/vinacyt.com\\\/en\\\/noticia\\\/excellence\\\/a-new-origin-joins-the-family-of-wineries-vina-concha-y-toro-welcomes-maison-mirabeau\\\/\"]}]},{\"@type\":\"ImageObject\",\"inLanguage\":\"en-US\",\"@id\":\"https:\\\/\\\/vinacyt.com\\\/en\\\/noticia\\\/excellence\\\/a-new-origin-joins-the-family-of-wineries-vina-concha-y-toro-welcomes-maison-mirabeau\\\/#primaryimage\",\"url\":\"https:\\\/\\\/vinacyt.com\\\/content\\\/uploads\\\/2026\\\/04\\\/domaine-mirabeau3-scaled.jpg\",\"contentUrl\":\"https:\\\/\\\/vinacyt.com\\\/content\\\/uploads\\\/2026\\\/04\\\/domaine-mirabeau3-scaled.jpg\",\"width\":2560,\"height\":1440},{\"@type\":\"BreadcrumbList\",\"@id\":\"https:\\\/\\\/vinacyt.com\\\/en\\\/noticia\\\/excellence\\\/a-new-origin-joins-the-family-of-wineries-vina-concha-y-toro-welcomes-maison-mirabeau\\\/#breadcrumb\",\"itemListElement\":[{\"@type\":\"ListItem\",\"position\":1,\"name\":\"Home\",\"item\":\"https:\\\/\\\/vinacyt.com\\\/en\\\/\"},{\"@type\":\"ListItem\",\"position\":2,\"name\":\"A new origin joins the Family of Wineries: Vi\u00f1a Concha y Toro welcomes Maison Mirabeau\"}]},{\"@type\":\"WebSite\",\"@id\":\"https:\\\/\\\/vinacyt.com\\\/en\\\/#website\",\"url\":\"https:\\\/\\\/vinacyt.com\\\/en\\\/\",\"name\":\"Vi\u00f1a Concha y Toro\",\"description\":\"Vi\u00f1a Concha y Toro se ha convertido en el principal productor de vinos de Latinoam\u00e9rica con una destacada posici\u00f3n entre las compa\u00f1\u00edas de vino m\u00e1s importantes del mundo y con presencia en m\u00e1s de 130 pa\u00edses\",\"potentialAction\":[{\"@type\":\"SearchAction\",\"target\":{\"@type\":\"EntryPoint\",\"urlTemplate\":\"https:\\\/\\\/vinacyt.com\\\/en\\\/?s={search_term_string}\"},\"query-input\":{\"@type\":\"PropertyValueSpecification\",\"valueRequired\":true,\"valueName\":\"search_term_string\"}}],\"inLanguage\":\"en-US\"},{\"@type\":\"Person\",\"@id\":\"https:\\\/\\\/vinacyt.com\\\/en\\\/#\\\/schema\\\/person\\\/4b2e2761e6e69f9702efc7e3897990b8\",\"name\":\"Trinidad de la Cerda\",\"image\":{\"@type\":\"ImageObject\",\"inLanguage\":\"en-US\",\"@id\":\"https:\\\/\\\/secure.gravatar.com\\\/avatar\\\/d8ecc0f6b27113c7b6b50cf1d1d5d7422e19c0c687c95c968e8100e7cc2263db?s=96&d=mm&r=g\",\"url\":\"https:\\\/\\\/secure.gravatar.com\\\/avatar\\\/d8ecc0f6b27113c7b6b50cf1d1d5d7422e19c0c687c95c968e8100e7cc2263db?s=96&d=mm&r=g\",\"contentUrl\":\"https:\\\/\\\/secure.gravatar.com\\\/avatar\\\/d8ecc0f6b27113c7b6b50cf1d1d5d7422e19c0c687c95c968e8100e7cc2263db?s=96&d=mm&r=g\",\"caption\":\"Trinidad de la Cerda\"},\"url\":\"https:\\\/\\\/vinacyt.com\\\/en\\\/noticia\\\/author\\\/trinidad-delacerda\\\/\"}]}<\/script>\n<!-- \/ Yoast SEO plugin. -->","yoast_head_json":{"title":"A new origin joins the Family of Wineries: Vi\u00f1a Concha y Toro welcomes Maison Mirabeau - Vi\u00f1a Concha y Toro","robots":{"index":"index","follow":"follow","max-snippet":"max-snippet:-1","max-image-preview":"max-image-preview:large","max-video-preview":"max-video-preview:-1"},"canonical":"https:\/\/vinacyt.com\/en\/noticia\/excellence\/a-new-origin-joins-the-family-of-wineries-vina-concha-y-toro-welcomes-maison-mirabeau\/","og_locale":"en_US","og_type":"article","og_title":"A new origin joins the Family of Wineries: Vi\u00f1a Concha y Toro welcomes Maison Mirabeau - Vi\u00f1a Concha y Toro","og_description":"In April, the founders of the French winery Maison Mirabeau visited Argentina and Chile, marking the beginning of the integration between the two companies. Vi\u00f1a Concha y Toro welcomed Jeany and Stephen Cronk, founders of Maison Mirabeau, in April for a visit aimed at deepening the integration between the two companies following the acquisition of [&hellip;]","og_url":"https:\/\/vinacyt.com\/en\/noticia\/excellence\/a-new-origin-joins-the-family-of-wineries-vina-concha-y-toro-welcomes-maison-mirabeau\/","og_site_name":"Vi\u00f1a Concha y Toro","article_published_time":"2026-04-27T16:52:30+00:00","og_image":[{"width":2560,"height":1440,"url":"https:\/\/vinacyt.com\/content\/uploads\/2026\/04\/domaine-mirabeau3-scaled.jpg","type":"image\/jpeg"}],"author":"Trinidad de la Cerda","twitter_card":"summary_large_image","twitter_misc":{"Written by":"Trinidad de la Cerda","Est. reading time":"2 minutes"},"schema":{"@context":"https:\/\/schema.org","@graph":[{"@type":"Article","@id":"https:\/\/vinacyt.com\/en\/noticia\/excellence\/a-new-origin-joins-the-family-of-wineries-vina-concha-y-toro-welcomes-maison-mirabeau\/#article","isPartOf":{"@id":"https:\/\/vinacyt.com\/en\/noticia\/excellence\/a-new-origin-joins-the-family-of-wineries-vina-concha-y-toro-welcomes-maison-mirabeau\/"},"author":{"name":"Trinidad de la Cerda","@id":"https:\/\/vinacyt.com\/en\/#\/schema\/person\/4b2e2761e6e69f9702efc7e3897990b8"},"headline":"A new origin joins the Family of Wineries: Vi\u00f1a Concha y Toro welcomes Maison Mirabeau","datePublished":"2026-04-27T16:52:30+00:00","mainEntityOfPage":{"@id":"https:\/\/vinacyt.com\/en\/noticia\/excellence\/a-new-origin-joins-the-family-of-wineries-vina-concha-y-toro-welcomes-maison-mirabeau\/"},"wordCount":405,"image":{"@id":"https:\/\/vinacyt.com\/en\/noticia\/excellence\/a-new-origin-joins-the-family-of-wineries-vina-concha-y-toro-welcomes-maison-mirabeau\/#primaryimage"},"thumbnailUrl":"https:\/\/vinacyt.com\/content\/uploads\/2026\/04\/domaine-mirabeau3-scaled.jpg","articleSection":["Excellence"],"inLanguage":"en-US"},{"@type":"WebPage","@id":"https:\/\/vinacyt.com\/en\/noticia\/excellence\/a-new-origin-joins-the-family-of-wineries-vina-concha-y-toro-welcomes-maison-mirabeau\/","url":"https:\/\/vinacyt.com\/en\/noticia\/excellence\/a-new-origin-joins-the-family-of-wineries-vina-concha-y-toro-welcomes-maison-mirabeau\/","name":"A new origin joins the Family of Wineries: Vi\u00f1a Concha y Toro welcomes Maison Mirabeau - Vi\u00f1a Concha y Toro","isPartOf":{"@id":"https:\/\/vinacyt.com\/en\/#website"},"primaryImageOfPage":{"@id":"https:\/\/vinacyt.com\/en\/noticia\/excellence\/a-new-origin-joins-the-family-of-wineries-vina-concha-y-toro-welcomes-maison-mirabeau\/#primaryimage"},"image":{"@id":"https:\/\/vinacyt.com\/en\/noticia\/excellence\/a-new-origin-joins-the-family-of-wineries-vina-concha-y-toro-welcomes-maison-mirabeau\/#primaryimage"},"thumbnailUrl":"https:\/\/vinacyt.com\/content\/uploads\/2026\/04\/domaine-mirabeau3-scaled.jpg","datePublished":"2026-04-27T16:52:30+00:00","author":{"@id":"https:\/\/vinacyt.com\/en\/#\/schema\/person\/4b2e2761e6e69f9702efc7e3897990b8"},"breadcrumb":{"@id":"https:\/\/vinacyt.com\/en\/noticia\/excellence\/a-new-origin-joins-the-family-of-wineries-vina-concha-y-toro-welcomes-maison-mirabeau\/#breadcrumb"},"inLanguage":"en-US","potentialAction":[{"@type":"ReadAction","target":["https:\/\/vinacyt.com\/en\/noticia\/excellence\/a-new-origin-joins-the-family-of-wineries-vina-concha-y-toro-welcomes-maison-mirabeau\/"]}]},{"@type":"ImageObject","inLanguage":"en-US","@id":"https:\/\/vinacyt.com\/en\/noticia\/excellence\/a-new-origin-joins-the-family-of-wineries-vina-concha-y-toro-welcomes-maison-mirabeau\/#primaryimage","url":"https:\/\/vinacyt.com\/content\/uploads\/2026\/04\/domaine-mirabeau3-scaled.jpg","contentUrl":"https:\/\/vinacyt.com\/content\/uploads\/2026\/04\/domaine-mirabeau3-scaled.jpg","width":2560,"height":1440},{"@type":"BreadcrumbList","@id":"https:\/\/vinacyt.com\/en\/noticia\/excellence\/a-new-origin-joins-the-family-of-wineries-vina-concha-y-toro-welcomes-maison-mirabeau\/#breadcrumb","itemListElement":[{"@type":"ListItem","position":1,"name":"Home","item":"https:\/\/vinacyt.com\/en\/"},{"@type":"ListItem","position":2,"name":"A new origin joins the Family of Wineries: Vi\u00f1a Concha y Toro welcomes Maison Mirabeau"}]},{"@type":"WebSite","@id":"https:\/\/vinacyt.com\/en\/#website","url":"https:\/\/vinacyt.com\/en\/","name":"Vi\u00f1a Concha y Toro","description":"Vi\u00f1a Concha y Toro se ha convertido en el principal productor de vinos de Latinoam\u00e9rica con una destacada posici\u00f3n entre las compa\u00f1\u00edas de vino m\u00e1s importantes del mundo y con presencia en m\u00e1s de 130 pa\u00edses","potentialAction":[{"@type":"SearchAction","target":{"@type":"EntryPoint","urlTemplate":"https:\/\/vinacyt.com\/en\/?s={search_term_string}"},"query-input":{"@type":"PropertyValueSpecification","valueRequired":true,"valueName":"search_term_string"}}],"inLanguage":"en-US"},{"@type":"Person","@id":"https:\/\/vinacyt.com\/en\/#\/schema\/person\/4b2e2761e6e69f9702efc7e3897990b8","name":"Trinidad de la Cerda","image":{"@type":"ImageObject","inLanguage":"en-US","@id":"https:\/\/secure.gravatar.com\/avatar\/d8ecc0f6b27113c7b6b50cf1d1d5d7422e19c0c687c95c968e8100e7cc2263db?s=96&d=mm&r=g","url":"https:\/\/secure.gravatar.com\/avatar\/d8ecc0f6b27113c7b6b50cf1d1d5d7422e19c0c687c95c968e8100e7cc2263db?s=96&d=mm&r=g","contentUrl":"https:\/\/secure.gravatar.com\/avatar\/d8ecc0f6b27113c7b6b50cf1d1d5d7422e19c0c687c95c968e8100e7cc2263db?s=96&d=mm&r=g","caption":"Trinidad de la Cerda"},"url":"https:\/\/vinacyt.com\/en\/noticia\/author\/trinidad-delacerda\/"}]}},"_links":{"self":[{"href":"https:\/\/vinacyt.com\/en\/wp-json\/wp\/v2\/posts\/47161","targetHints":{"allow":["GET"]}}],"collection":[{"href":"https:\/\/vinacyt.com\/en\/wp-json\/wp\/v2\/posts"}],"about":[{"href":"https:\/\/vinacyt.com\/en\/wp-json\/wp\/v2\/types\/post"}],"author":[{"embeddable":true,"href":"https:\/\/vinacyt.com\/en\/wp-json\/wp\/v2\/users\/10"}],"replies":[{"embeddable":true,"href":"https:\/\/vinacyt.com\/en\/wp-json\/wp\/v2\/comments?post=47161"}],"version-history":[{"count":1,"href":"https:\/\/vinacyt.com\/en\/wp-json\/wp\/v2\/posts\/47161\/revisions"}],"predecessor-version":[{"id":47162,"href":"https:\/\/vinacyt.com\/en\/wp-json\/wp\/v2\/posts\/47161\/revisions\/47162"}],"wp:featuredmedia":[{"embeddable":true,"href":"https:\/\/vinacyt.com\/en\/wp-json\/wp\/v2\/media\/47159"}],"wp:attachment":[{"href":"https:\/\/vinacyt.com\/en\/wp-json\/wp\/v2\/media?parent=47161"}],"wp:term":[{"taxonomy":"category","embeddable":true,"href":"https:\/\/vinacyt.com\/en\/wp-json\/wp\/v2\/categories?post=47161"},{"taxonomy":"post_tag","embeddable":true,"href":"https:\/\/vinacyt.com\/en\/wp-json\/wp\/v2\/tags?post=47161"}],"curies":[{"name":"wp","href":"https:\/\/api.w.org\/{rel}","templated":true}]}}